{"id":62317,"date":"2026-04-24T13:30:00","date_gmt":"2026-04-24T11:30:00","guid":{"rendered":"https:\/\/ochutnej.top-me.eu\/?p=62317"},"modified":"2026-01-07T09:36:00","modified_gmt":"2026-01-07T08:36:00","slug":"den-matek","status":"publish","type":"post","link":"https:\/\/oocz.wps.cz\/den-matek","title":{"rendered":"Kdy je den matek v roce 2026 + tipy na d\u00e1rky"},"content":{"rendered":"\n<p>Den matek je jedn\u00edm z nejkr\u00e1sn\u011bj\u0161\u00edch sv\u00e1tk\u016f v roce, kdy m\u00e1me p\u0159\u00edle\u017eitost pod\u011bkovat na\u0161im mamink\u00e1m za jejich l\u00e1sku, p\u00e9\u010di a podporu. Pokud se chyst\u00e1te na oslavu tohoto v\u00fdjime\u010dn\u00e9ho dne v roce 2026, jste na spr\u00e1vn\u00e9m m\u00edst\u011b. <strong>V tomto \u010dl\u00e1nku se dozv\u00edte p\u0159esn\u00e9 datum Dne matek a najdete tu inspiraci na d\u00e1rky, kter\u00e9 va\u0161i maminku opravdu pot\u011b\u0161\u00ed.<\/strong><\/p>\n\n\n\n<figure class=\"wp-block-image size-full\"><img decoding=\"async\" width=\"1200\" height=\"630\" src=\"https:\/\/oocz.wps.cz\/wp-content\/uploads\/2025\/04\/den-matek-7.jpg\" alt=\"Den matek\" class=\"wp-image-62333\" srcset=\"https:\/\/oocz.wps.cz\/wp-content\/uploads\/2025\/04\/den-matek-7.jpg 1200w, https:\/\/oocz.wps.cz\/wp-content\/uploads\/2025\/04\/den-matek-7-300x158.jpg 300w, https:\/\/oocz.wps.cz\/wp-content\/uploads\/2025\/04\/den-matek-7-700x368.jpg 700w, https:\/\/oocz.wps.cz\/wp-content\/uploads\/2025\/04\/den-matek-7-768x403.jpg 768w, https:\/\/oocz.wps.cz\/wp-content\/uploads\/2025\/04\/den-matek-7-800x420.jpg 800w\" sizes=\"(max-width: 1200px) 100vw, 1200px\" \/><\/figure>\n\n\n\n<div id=\"ez-toc-container\" class=\"ez-toc-v2_0_82_2 counter-hierarchy ez-toc-counter ez-toc-grey ez-toc-container-direction\">\n<div class=\"ez-toc-title-container\">\n<p class=\"ez-toc-title\" style=\"cursor:inherit\">Obsah \u010dl\u00e1nku<\/p>\n<span class=\"ez-toc-title-toggle\"><a href=\"#\" class=\"ez-toc-pull-right ez-toc-btn ez-toc-btn-xs ez-toc-btn-default ez-toc-toggle\" aria-label=\"Toggle Table of Content\"><span class=\"ez-toc-js-icon-con\"><span class=\"\"><span class=\"eztoc-hide\" style=\"display:none;\">Toggle<\/span><span class=\"ez-toc-icon-toggle-span\"><svg style=\"fill: #999;color:#999\" xmlns=\"http:\/\/www.w3.org\/2000\/svg\" class=\"list-377408\" width=\"20px\" height=\"20px\" viewBox=\"0 0 24 24\" fill=\"none\"><path d=\"M6 6H4v2h2V6zm14 0H8v2h12V6zM4 11h2v2H4v-2zm16 0H8v2h12v-2zM4 16h2v2H4v-2zm16 0H8v2h12v-2z\" fill=\"currentColor\"><\/path><\/svg><svg style=\"fill: #999;color:#999\" class=\"arrow-unsorted-368013\" xmlns=\"http:\/\/www.w3.org\/2000\/svg\" width=\"10px\" height=\"10px\" viewBox=\"0 0 24 24\" version=\"1.2\" baseProfile=\"tiny\"><path d=\"M18.2 9.3l-6.2-6.3-6.2 6.3c-.2.2-.3.4-.3.7s.1.5.3.7c.2.2.4.3.7.3h11c.3 0 .5-.1.7-.3.2-.2.3-.5.3-.7s-.1-.5-.3-.7zM5.8 14.7l6.2 6.3 6.2-6.3c.2-.2.3-.5.3-.7s-.1-.5-.3-.7c-.2-.2-.4-.3-.7-.3h-11c-.3 0-.5.1-.7.3-.2.2-.3.5-.3.7s.1.5.3.7z\"\/><\/svg><\/span><\/span><\/span><\/a><\/span><\/div>\n<nav><ul class='ez-toc-list ez-toc-list-level-1 ' ><li class='ez-toc-page-1 ez-toc-heading-level-2'><a class=\"ez-toc-link ez-toc-heading-1\" href=\"https:\/\/oocz.wps.cz\/den-matek\/#Kdy_je_Den_matek_v_roce_2026\" >Kdy je Den matek v roce 2026?<\/a><\/li><li class='ez-toc-page-1 ez-toc-heading-level-2'><a class=\"ez-toc-link ez-toc-heading-2\" href=\"https:\/\/oocz.wps.cz\/den-matek\/#Shrnuti_pro_ty_co_nemaji_cas_cist_cely_clanek\" >Shrnut\u00ed pro ty, co nemaj\u00ed \u010das \u010d\u00edst cel\u00fd \u010dl\u00e1nek<\/a><\/li><li class='ez-toc-page-1 ez-toc-heading-level-2'><a class=\"ez-toc-link ez-toc-heading-3\" href=\"https:\/\/oocz.wps.cz\/den-matek\/#Historie_Dne_matek_a_jeho_vyznam_v_ceske_tradici\" >Historie Dne matek a jeho v\u00fdznam v \u010desk\u00e9 tradici<\/a><\/li><li class='ez-toc-page-1 ez-toc-heading-level-2'><a class=\"ez-toc-link ez-toc-heading-4\" href=\"https:\/\/oocz.wps.cz\/den-matek\/#Jak_se_dostal_Den_matek_do_Ceska\" >Jak se dostal Den matek do \u010ceska?<\/a><\/li><li class='ez-toc-page-1 ez-toc-heading-level-2'><a class=\"ez-toc-link ez-toc-heading-5\" href=\"https:\/\/oocz.wps.cz\/den-matek\/#Proc_je_vyber_darku_na_Den_matek_tak_dulezity\" >Pro\u010d je v\u00fdb\u011br d\u00e1rku na Den matek tak d\u016fle\u017eit\u00fd?<\/a><\/li><li class='ez-toc-page-1 ez-toc-heading-level-2'><a class=\"ez-toc-link ez-toc-heading-6\" href=\"https:\/\/oocz.wps.cz\/den-matek\/#Od_klasiky_k_originalite_%E2%80%93_jak_vybrat_ten_pravy_darek_pro_maminku\" >Od klasiky k originalit\u011b \u2013 jak vybrat ten prav\u00fd d\u00e1rek pro maminku<\/a><\/li><li class='ez-toc-page-1 ez-toc-heading-level-2'><a class=\"ez-toc-link ez-toc-heading-7\" href=\"https:\/\/oocz.wps.cz\/den-matek\/#Top_darky_na_Den_matek_2026_ktere_zarucene_potesi\" >Top d\u00e1rky na Den matek 2026, kter\u00e9 zaru\u010den\u011b pot\u011b\u0161\u00ed<\/a><ul class='ez-toc-list-level-3' ><li class='ez-toc-heading-level-3'><a class=\"ez-toc-link ez-toc-heading-8\" href=\"https:\/\/oocz.wps.cz\/den-matek\/#Gurmanske_balicky\" >Gurm\u00e1nsk\u00e9 bal\u00ed\u010dky<\/a><\/li><li class='ez-toc-page-1 ez-toc-heading-level-3'><a class=\"ez-toc-link ez-toc-heading-9\" href=\"https:\/\/oocz.wps.cz\/den-matek\/#Darkove_kornouty\" >D\u00e1rkov\u00e9 kornouty<\/a><\/li><li class='ez-toc-page-1 ez-toc-heading-level-3'><a class=\"ez-toc-link ez-toc-heading-10\" href=\"https:\/\/oocz.wps.cz\/den-matek\/#Mix_%E2%80%9EPro_nejuzasnejsi_maminku_na_svete%E2%80%9C_%E2%80%93_exkluzivni_darek\" >Mix \u201ePro nej\u00fa\u017easn\u011bj\u0161\u00ed maminku na sv\u011bt\u011b\u201c \u2013 exkluzivn\u00ed d\u00e1rek<\/a><\/li><li class='ez-toc-page-1 ez-toc-heading-level-3'><a class=\"ez-toc-link ez-toc-heading-11\" href=\"https:\/\/oocz.wps.cz\/den-matek\/#Mix_Milacek\" >Mix Mil\u00e1\u010dek<\/a><\/li><li class='ez-toc-page-1 ez-toc-heading-level-3'><a class=\"ez-toc-link ez-toc-heading-12\" href=\"https:\/\/oocz.wps.cz\/den-matek\/#Mix_Pro_nejuzasnejsi_Maminku_na_svete\" >Mix Pro nej\u00fa\u017easn\u011bj\u0161\u00ed Maminku na sv\u011bt\u011b<\/a><\/li><li class='ez-toc-page-1 ez-toc-heading-level-3'><a class=\"ez-toc-link ez-toc-heading-13\" href=\"https:\/\/oocz.wps.cz\/den-matek\/#Mix_Pro_skvelou_zenskou\" >Mix Pro skv\u011blou \u017eenskou<\/a><\/li><\/ul><\/li><li class='ez-toc-page-1 ez-toc-heading-level-2'><a class=\"ez-toc-link ez-toc-heading-14\" href=\"https:\/\/oocz.wps.cz\/den-matek\/#Jak_vybrat_ten_spravny_darek_pro_vasi_maminku\" >Jak vybrat ten spr\u00e1vn\u00fd d\u00e1rek pro va\u0161i maminku<\/a><ul class='ez-toc-list-level-3' ><li class='ez-toc-heading-level-3'><a class=\"ez-toc-link ez-toc-heading-15\" href=\"https:\/\/oocz.wps.cz\/den-matek\/#Podle_typu_osobnosti\" >Podle typu osobnosti<\/a><\/li><li class='ez-toc-page-1 ez-toc-heading-level-3'><a class=\"ez-toc-link ez-toc-heading-16\" href=\"https:\/\/oocz.wps.cz\/den-matek\/#Podle_veku_a_zivotniho_stylu\" >Podle v\u011bku a \u017eivotn\u00edho stylu<\/a><\/li><\/ul><\/li><li class='ez-toc-page-1 ez-toc-heading-level-2'><a class=\"ez-toc-link ez-toc-heading-17\" href=\"https:\/\/oocz.wps.cz\/den-matek\/#Jak_originalne_predat_darek_na_Den_matek_2026\" >Jak origin\u00e1ln\u011b p\u0159edat d\u00e1rek na Den matek 2026<\/a><ul class='ez-toc-list-level-3' ><li class='ez-toc-heading-level-3'><a class=\"ez-toc-link ez-toc-heading-18\" href=\"https:\/\/oocz.wps.cz\/den-matek\/#Kreativni_zpusoby_baleni_a_predani\" >Kreativn\u00ed zp\u016fsoby balen\u00ed a p\u0159ed\u00e1n\u00ed<\/a><\/li><li class='ez-toc-page-1 ez-toc-heading-level-3'><a class=\"ez-toc-link ez-toc-heading-19\" href=\"https:\/\/oocz.wps.cz\/den-matek\/#Spojeni_s_aktivitou_nebo_zazitkem\" >Spojen\u00ed s aktivitou nebo z\u00e1\u017eitkem<\/a><\/li><li class='ez-toc-page-1 ez-toc-heading-level-3'><a class=\"ez-toc-link ez-toc-heading-20\" href=\"https:\/\/oocz.wps.cz\/den-matek\/#Kdy_objednat_a_jak_zajistit_vcasne_doruceni_darku\" >Kdy objednat a jak zajistit v\u010dasn\u00e9 doru\u010den\u00ed d\u00e1rku<\/a><\/li><li class='ez-toc-page-1 ez-toc-heading-level-3'><a class=\"ez-toc-link ez-toc-heading-21\" href=\"https:\/\/oocz.wps.cz\/den-matek\/#Terminy_pro_objednani_darku_online\" >Term\u00edny pro objedn\u00e1n\u00ed d\u00e1rk\u016f online<\/a><\/li><li class='ez-toc-page-1 ez-toc-heading-level-3'><a class=\"ez-toc-link ez-toc-heading-22\" href=\"https:\/\/oocz.wps.cz\/den-matek\/#Moznosti_doruceni_a_osobniho_predani\" >Mo\u017enosti doru\u010den\u00ed a osobn\u00edho p\u0159ed\u00e1n\u00ed<\/a><\/li><\/ul><\/li><li class='ez-toc-page-1 ez-toc-heading-level-2'><a class=\"ez-toc-link ez-toc-heading-23\" href=\"https:\/\/oocz.wps.cz\/den-matek\/#Domaci_vs_kupovane_darky_%E2%80%93_co_maminky_opravdu_oceni\" >Dom\u00e1c\u00ed vs. kupovan\u00e9 d\u00e1rky \u2013 co maminky opravdu ocen\u00ed<\/a><ul class='ez-toc-list-level-3' ><li class='ez-toc-heading-level-3'><a class=\"ez-toc-link ez-toc-heading-24\" href=\"https:\/\/oocz.wps.cz\/den-matek\/#Kouzlo_rucne_vyrobenych_darku\" >Kouzlo ru\u010dn\u011b vyroben\u00fdch d\u00e1rk\u016f<\/a><\/li><\/ul><\/li><li class='ez-toc-page-1 ez-toc-heading-level-2'><a class=\"ez-toc-link ez-toc-heading-25\" href=\"https:\/\/oocz.wps.cz\/den-matek\/#Vyhody_kvalitnich_kupovanych_darku\" >V\u00fdhody kvalitn\u00edch kupovan\u00fdch d\u00e1rk\u016f<\/a><ul class='ez-toc-list-level-3' ><li class='ez-toc-heading-level-3'><a class=\"ez-toc-link ez-toc-heading-26\" href=\"https:\/\/oocz.wps.cz\/den-matek\/#Idealni_kombinace_%E2%80%93_osobni_dotek_a_kvalitni_darek\" >Ide\u00e1ln\u00ed kombinace \u2013 osobn\u00ed dotek a kvalitn\u00ed d\u00e1rek<\/a><\/li><\/ul><\/li><li class='ez-toc-page-1 ez-toc-heading-level-2'><a class=\"ez-toc-link ez-toc-heading-27\" href=\"https:\/\/oocz.wps.cz\/den-matek\/#Tradice_a_zvyky_spojene_se_Dnem_matek_ve_svete\" >Tradice a zvyky spojen\u00e9 se Dnem matek ve sv\u011bt\u011b<\/a><\/li><li class='ez-toc-page-1 ez-toc-heading-level-2'><a class=\"ez-toc-link ez-toc-heading-28\" href=\"https:\/\/oocz.wps.cz\/den-matek\/#Jak_se_slavi_Den_matek_v_ruznych_kulturach\" >Jak se slav\u00ed Den matek v r\u016fzn\u00fdch kultur\u00e1ch<\/a><\/li><li class='ez-toc-page-1 ez-toc-heading-level-2'><a class=\"ez-toc-link ez-toc-heading-29\" href=\"https:\/\/oocz.wps.cz\/den-matek\/#Ceske_tradice_spojene_se_Dnem_matek\" >\u010cesk\u00e9 tradice spojen\u00e9 se Dnem matek<\/a><\/li><li class='ez-toc-page-1 ez-toc-heading-level-2'><a class=\"ez-toc-link ez-toc-heading-30\" href=\"https:\/\/oocz.wps.cz\/den-matek\/#Jak_zapojit_celou_rodinu_do_oslavy_Dne_matek\" >Jak zapojit celou rodinu do oslavy Dne matek<\/a><ul class='ez-toc-list-level-3' ><li class='ez-toc-heading-level-3'><a class=\"ez-toc-link ez-toc-heading-31\" href=\"https:\/\/oocz.wps.cz\/den-matek\/#Napady_na_rodinne_aktivity_pro_Den_matek_2026\" >N\u00e1pady na rodinn\u00e9 aktivity pro Den matek 2026<\/a><\/li><\/ul><\/li><li class='ez-toc-page-1 ez-toc-heading-level-2'><a class=\"ez-toc-link ez-toc-heading-32\" href=\"https:\/\/oocz.wps.cz\/den-matek\/#Jak_zapojit_i_nejmensi_cleny_rodiny\" >Jak zapojit i nejmen\u0161\u00ed \u010dleny rodiny<\/a><\/li><li class='ez-toc-page-1 ez-toc-heading-level-2'><a class=\"ez-toc-link ez-toc-heading-33\" href=\"https:\/\/oocz.wps.cz\/den-matek\/#Casto_kladene_otazky\" >\u010casto kladen\u00e9 ot\u00e1zky<\/a><ul class='ez-toc-list-level-3' ><li class='ez-toc-heading-level-3'><a class=\"ez-toc-link ez-toc-heading-34\" href=\"https:\/\/oocz.wps.cz\/den-matek\/#Kdy_presne_se_slavi_Den_matek_v_roce_2026\" >Kdy p\u0159esn\u011b se slav\u00ed Den matek v roce 2026?<\/a><\/li><li class='ez-toc-page-1 ez-toc-heading-level-3'><a class=\"ez-toc-link ez-toc-heading-35\" href=\"https:\/\/oocz.wps.cz\/den-matek\/#Proc_se_Den_matek_slavi_druhou_kvetnovou_nedeli\" >Pro\u010d se Den matek slav\u00ed druhou kv\u011btnovou ned\u011bli?<\/a><\/li><li class='ez-toc-page-1 ez-toc-heading-level-3'><a class=\"ez-toc-link ez-toc-heading-36\" href=\"https:\/\/oocz.wps.cz\/den-matek\/#Slavi_se_Den_matek_ve_stejny_den_po_celem_svete\" >Slav\u00ed se Den matek ve stejn\u00fd den po cel\u00e9m sv\u011bt\u011b?<\/a><\/li><\/ul><\/li><\/ul><\/nav><\/div>\n<h2 class=\"wp-block-heading\"><span class=\"ez-toc-section\" id=\"Kdy_je_Den_matek_v_roce_2026\"><\/span>Kdy je Den matek v roce 2026?<span class=\"ez-toc-section-end\"><\/span><\/h2>\n\n\n\n<p>V \u010cesk\u00e9 republice se Den matek slav\u00ed v\u017edy druhou kv\u011btnovou ned\u011bli.\u00a0<strong>V roce 2026 p\u0159ipad\u00e1 Den matek na ned\u011bli 10. kv\u011btna 2026.<\/strong>\u00a0Tento term\u00edn si ur\u010dit\u011b poznamenejte do kalend\u00e1\u0159e, abyste na tento d\u016fle\u017eit\u00fd sv\u00e1tek nezapomn\u011bli a mohli mamince v\u010das p\u0159ipravit kr\u00e1sn\u00e9 p\u0159ekvapen\u00ed.<\/p>\n\n\n\n<p>Mo\u017en\u00e1 jste si n\u011bkdy v\u0161imli, \u017ee se datum Dne matek v r\u016fzn\u00fdch zem\u00edch li\u0161\u00ed. Zat\u00edmco u n\u00e1s a v mnoha dal\u0161\u00edch zem\u00edch se dr\u017e\u00ed tradice druh\u00e9 kv\u011btnov\u00e9 ned\u011ble, nap\u0159\u00edklad ve Velk\u00e9 Brit\u00e1nii se slav\u00ed \u010dtvrtou postn\u00ed ned\u011bli a v arabsk\u00fdch zem\u00edch 21. b\u0159ezna. <strong>Ka\u017ed\u00e1 zem\u011b m\u00e1 zkr\u00e1tka sv\u00e9 vlastn\u00ed tradice, ale smysl z\u016fst\u00e1v\u00e1 stejn\u00fd \u2013 ocenit maminky za v\u0161e, co pro n\u00e1s d\u011blaj\u00ed.<\/strong><\/p>\n\n\n\n<p><strong>Mohlo by v\u00e1s zaj\u00edmat: <a href=\"https:\/\/www.ochutnejorech.cz\/blog\/mezinarodni-den-rodiny\" target=\"_blank\" rel=\"noopener\">Kdy je Mezin\u00e1rodn\u00ed den rodiny, jak se slav\u00ed a pro\u010d na n\u011bj nezapomenout?<\/a><\/strong><\/p>\n\n\n\n<h2 class=\"wp-block-heading\"><span class=\"ez-toc-section\" id=\"Shrnuti_pro_ty_co_nemaji_cas_cist_cely_clanek\"><\/span>Shrnut\u00ed pro ty, co nemaj\u00ed \u010das \u010d\u00edst cel\u00fd \u010dl\u00e1nek<span class=\"ez-toc-section-end\"><\/span><\/h2>\n\n\n\n<ul class=\"wp-block-list\">\n<li>Den matek 2026 p\u0159ipad\u00e1 <strong>na ned\u011bli 10. kv\u011btna 2026<\/strong>.<\/li>\n\n\n\n<li>Nejobl\u00edben\u011bj\u0161\u00edm d\u00e1rkem jsou st\u00e1le kv\u011btiny, ide\u00e1ln\u011b dopln\u011bn\u00e9 n\u011b\u010d\u00edm na zub.<\/li>\n\n\n\n<li>Origin\u00e1ln\u00edm d\u00e1rkem m\u016f\u017ee b\u00fdt <strong><a href=\"https:\/\/www.ochutnejorech.cz\/produkt\/mix-pro-nejuzasnejsi-maminku-na-svete?varianta=1-kg\" data-type=\"link\" data-id=\"https:\/\/www.ochutnejorech.cz\/produkt\/mix-pro-nejuzasnejsi-maminku-na-svete?varianta=1-kg\" target=\"_blank\" rel=\"noreferrer noopener\">speci\u00e1ln\u00ed mix o\u0159ech\u016f a su\u0161en\u00e9ho ovoce v d\u00e1rkov\u00e9m balen\u00ed<\/a><\/strong>.<\/li>\n\n\n\n<li>S objedn\u00e1vkou d\u00e1rku je dobr\u00e9 za\u010d\u00edt nejpozd\u011bji t\u00fdden p\u0159ed sv\u00e1tkem.<\/li>\n\n\n\n<li>Krom\u011b koupen\u00fdch d\u00e1rk\u016f pot\u011b\u0161\u00ed maminky i spole\u010dn\u011b str\u00e1ven\u00fd \u010das nebo ru\u010dn\u011b vyroben\u00e9 pozornosti.<\/li>\n<\/ul>\n\n\n\n<figure class=\"wp-block-image size-full\"><img decoding=\"async\" width=\"1200\" height=\"630\" src=\"https:\/\/oocz.wps.cz\/wp-content\/uploads\/2025\/04\/den-matek-3.jpg\" alt=\"D\u00e1rky ke Dni matek\" class=\"wp-image-62324\" srcset=\"https:\/\/oocz.wps.cz\/wp-content\/uploads\/2025\/04\/den-matek-3.jpg 1200w, https:\/\/oocz.wps.cz\/wp-content\/uploads\/2025\/04\/den-matek-3-300x158.jpg 300w, https:\/\/oocz.wps.cz\/wp-content\/uploads\/2025\/04\/den-matek-3-700x368.jpg 700w, https:\/\/oocz.wps.cz\/wp-content\/uploads\/2025\/04\/den-matek-3-768x403.jpg 768w, https:\/\/oocz.wps.cz\/wp-content\/uploads\/2025\/04\/den-matek-3-800x420.jpg 800w\" sizes=\"(max-width: 1200px) 100vw, 1200px\" \/><\/figure>\n\n\n\n<h2 class=\"wp-block-heading\"><span class=\"ez-toc-section\" id=\"Historie_Dne_matek_a_jeho_vyznam_v_ceske_tradici\"><\/span>Historie Dne matek a jeho v\u00fdznam v \u010desk\u00e9 tradici<span class=\"ez-toc-section-end\"><\/span><\/h2>\n\n\n\n<p>Ne\u017e se pono\u0159\u00edme do tip\u016f na d\u00e1rky, poj\u010fme se kr\u00e1tce pod\u00edvat na historii tohoto sv\u00e1tku. V\u00edte, \u017ee podobn\u00e9 sv\u00e1tky oslavuj\u00edc\u00ed matky a mate\u0159stv\u00ed existovaly u\u017e ve starov\u011bk\u00e9m \u0158ecku? Tehdy lid\u00e9 slavili sv\u00e1tek plodnosti a matek, spojen\u00fd s uct\u00edv\u00e1n\u00edm bohyn\u011b Rhey, kter\u00e1 byla pova\u017eov\u00e1na za matku v\u0161ech boh\u016f.<\/p>\n\n\n\n<p>Modern\u00ed podoba Dne matek, jak ho zn\u00e1me dnes, vznikla na po\u010d\u00e1tku 20. stolet\u00ed v Americe. V roce 1907 Anna Reeves Jarvisov\u00e1 zah\u00e1jila kampa\u0148 za ustanoven\u00ed Dne matek jako zp\u016fsob, jak uct\u00edt pam\u00e1tku sv\u00e9 vlastn\u00ed matky a zd\u016fraznit d\u016fle\u017eitost mate\u0159sk\u00e9 role ve spole\u010dnosti. Prezident Woodrow Wilson v roce 1914 ofici\u00e1ln\u011b vyhl\u00e1sil Den matek jako celon\u00e1rodn\u00ed sv\u00e1tek, kter\u00fd se m\u011bl slavit druhou kv\u011btnovou ned\u011bli.<\/p>\n\n\n\n<h2 class=\"wp-block-heading\"><span class=\"ez-toc-section\" id=\"Jak_se_dostal_Den_matek_do_Ceska\"><\/span>Jak se dostal Den matek do \u010ceska?<span class=\"ez-toc-section-end\"><\/span><\/h2>\n\n\n\n<p><strong>Do tehdej\u0161\u00edho \u010ceskoslovenska se Den matek dostal v roce 1923 a jeho velkou propag\u00e1torkou byla Alice Masarykov\u00e1, dcera prvn\u00edho \u010deskoslovensk\u00e9ho prezidenta. <\/strong>Zaj\u00edmavost\u00ed je, \u017ee b\u011bhem komunistick\u00e9ho re\u017eimu byl tento sv\u00e1tek zatla\u010dov\u00e1n do pozad\u00ed ve prosp\u011bch Mezin\u00e1rodn\u00edho dne \u017een (MD\u017d), kter\u00fd se slav\u00ed 8. b\u0159ezna. Po revoluci v roce 1989 se Den matek op\u011bt vr\u00e1til do ve\u0159ejn\u00e9ho pov\u011bdom\u00ed, i kdy\u017e mnoho \u010cech\u016f slav\u00ed oba sv\u00e1tky.<\/p>\n\n\n\n<h2 class=\"wp-block-heading\"><span class=\"ez-toc-section\" id=\"Proc_je_vyber_darku_na_Den_matek_tak_dulezity\"><\/span>Pro\u010d je v\u00fdb\u011br d\u00e1rku na Den matek tak d\u016fle\u017eit\u00fd?<span class=\"ez-toc-section-end\"><\/span><\/h2>\n\n\n\n<p>Maminky jsou \u010dasto t\u011bmi, kdo o v\u0161echny pe\u010duje, ale m\u00e1lokdy si dop\u0159ej\u00ed n\u011bco pro sebe. <strong>Den matek je perfektn\u00ed p\u0159\u00edle\u017eitost\u00ed, jak jim uk\u00e1zat, \u017ee si jejich p\u00e9\u010de v\u00e1\u017e\u00edme a chceme jim ud\u011blat radost. <\/strong>D\u00e1rek na Den matek nen\u00ed jen o materi\u00e1ln\u00ed hodnot\u011b \u2013 je to symbol na\u0161\u00ed l\u00e1sky a vd\u011b\u010dnosti.<\/p>\n\n\n\n<p>Zamysleli jste se n\u011bkdy nad t\u00edm, co va\u0161e maminka opravdu ocen\u00ed? Nen\u00ed to v\u017edy to nejdra\u017e\u0161\u00ed nebo nejok\u00e1zalej\u0161\u00ed. \u010casto jsou nejcenn\u011bj\u0161\u00ed d\u00e1rky ty, kter\u00e9 <strong>ukazuj\u00ed, \u017ee jsme o mamince p\u0159em\u00fd\u0161leli, <\/strong>zn\u00e1me jej\u00ed z\u00e1jmy a preference. D\u00e1rek, kter\u00fd odr\u00e1\u017e\u00ed jej\u00ed osobnost nebo p\u0159ipom\u00edn\u00e1 spole\u010dn\u00e9 vzpom\u00ednky, m\u00e1 mnohem v\u011bt\u0161\u00ed emocion\u00e1ln\u00ed hodnotu ne\u017e n\u011bco, co bylo koupeno na posledn\u00ed chv\u00edli.<\/p>\n\n\n\n<figure class=\"wp-block-image size-full\"><img decoding=\"async\" width=\"1200\" height=\"630\" src=\"https:\/\/oocz.wps.cz\/wp-content\/uploads\/2025\/04\/den-matek-6.jpg\" alt=\"Den matek: Tipy na d\u00e1rky\" class=\"wp-image-62334\" srcset=\"https:\/\/oocz.wps.cz\/wp-content\/uploads\/2025\/04\/den-matek-6.jpg 1200w, https:\/\/oocz.wps.cz\/wp-content\/uploads\/2025\/04\/den-matek-6-300x158.jpg 300w, https:\/\/oocz.wps.cz\/wp-content\/uploads\/2025\/04\/den-matek-6-700x368.jpg 700w, https:\/\/oocz.wps.cz\/wp-content\/uploads\/2025\/04\/den-matek-6-768x403.jpg 768w, https:\/\/oocz.wps.cz\/wp-content\/uploads\/2025\/04\/den-matek-6-800x420.jpg 800w\" sizes=\"(max-width: 1200px) 100vw, 1200px\" \/><\/figure>\n\n\n\n<h2 class=\"wp-block-heading\"><span class=\"ez-toc-section\" id=\"Od_klasiky_k_originalite_%E2%80%93_jak_vybrat_ten_pravy_darek_pro_maminku\"><\/span>Od klasiky k originalit\u011b \u2013 jak vybrat ten prav\u00fd d\u00e1rek pro maminku<span class=\"ez-toc-section-end\"><\/span><\/h2>\n\n\n\n<p>Kv\u011btiny jsou tradi\u010dn\u00ed a obl\u00edben\u00fd d\u00e1rek, kter\u00fd snad \u017e\u00e1dn\u00e1 maminka neodm\u00edtne. Jsou kr\u00e1sn\u00fdm vyj\u00e1d\u0159en\u00edm l\u00e1sky a n\u011b\u017enosti. Ale co takhle spojit kv\u011btiny s n\u011b\u010d\u00edm, co vydr\u017e\u00ed d\u00e9le ne\u017e p\u00e1r dn\u00ed? <strong>T\u00edm se dost\u00e1v\u00e1me k ot\u00e1zce, jak\u00e9 <a href=\"https:\/\/www.ochutnejorech.cz\/kategorie\/darky-pro-maminku\" data-type=\"link\" data-id=\"https:\/\/www.ochutnejorech.cz\/kategorie\/darky-pro-maminku\" target=\"_blank\" rel=\"noreferrer noopener\">d\u00e1rky<\/a> na Den matek 2026 opravdu pot\u011b\u0161\u00ed a budou origin\u00e1ln\u00ed.<\/strong><\/p>\n\n\n\n<h2 class=\"wp-block-heading\"><span class=\"ez-toc-section\" id=\"Top_darky_na_Den_matek_2026_ktere_zarucene_potesi\"><\/span>Top d\u00e1rky na Den matek 2026, kter\u00e9 zaru\u010den\u011b pot\u011b\u0161\u00ed<span class=\"ez-toc-section-end\"><\/span><\/h2>\n\n\n\n<p>Sepsali jsme pro v\u00e1s <strong>tipy na d\u00e1rky pro maminky ke Dni matek.<\/strong><\/p>\n\n\n\n<h3 class=\"wp-block-heading\"><span class=\"ez-toc-section\" id=\"Gurmanske_balicky\"><\/span>Gurm\u00e1nsk\u00e9 bal\u00ed\u010dky <span class=\"ez-toc-section-end\"><\/span><\/h3>\n\n\n\n<p><strong>Jedn\u00edm z nejorigin\u00e1ln\u011bj\u0161\u00edch d\u00e1rk\u016f, kter\u00e9 m\u016f\u017eete mamince v\u011bnovat, jsou <a href=\"https:\/\/www.ochutnejorech.cz\/produkt\/mix-pro-skvelou-zenskou?varianta=1-kg\" target=\"_blank\" data-type=\"link\" data-id=\"https:\/\/www.ochutnejorech.cz\/produkt\/mix-pro-skvelou-zenskou?varianta=1-kg\" rel=\"noreferrer noopener\">speci\u00e1ln\u00ed gurm\u00e1nsk\u00e9 bal\u00ed\u010dky<\/a>. <\/strong>Pro\u010d? Proto\u017ee spojuj\u00ed kr\u00e1sn\u00e9 s u\u017eite\u010dn\u00fdm. Na rozd\u00edl od bonboni\u00e9ry ze supermarketu, kter\u00e1 se sn\u00ed za jeden ve\u010der, <strong><a href=\"https:\/\/www.ochutnejorech.cz\/produkt\/mix-pro-nejuzasnejsi-maminku-na-svete?varianta=1-kg\" target=\"_blank\" data-type=\"link\" data-id=\"https:\/\/www.ochutnejorech.cz\/produkt\/mix-pro-nejuzasnejsi-maminku-na-svete?varianta=1-kg\" rel=\"noreferrer noopener\">kvalitn\u00ed mix o\u0159ech\u016f a su\u0161en\u00e9ho ovoce<\/a><\/strong> vydr\u017e\u00ed mamince mnohem d\u00e9le.<\/p>\n\n\n\n<p>P\u0159edstavte si, \u017ee mamince darujete elegantn\u00ed d\u00e1rkov\u00e9 balen\u00ed pln\u00e9 jej\u00edch obl\u00edben\u00fdch dobrot. <strong>Co by mohlo b\u00fdt v takov\u00e9m bal\u00ed\u010dku?<\/strong><\/p>\n\n\n\n<ul class=\"wp-block-list\">\n<li>\u0160\u0165avnat\u00e9 jahody obalen\u00e9 v kr\u00e9mov\u00e9m jahodov\u00e9m jogurtu,<\/li>\n\n\n\n<li>lahodn\u00e9 t\u0159e\u0161n\u011b v jogurtu s vi\u0161\u0148ovou p\u0159\u00edchut\u00ed,<\/li>\n\n\n\n<li>pr\u00e9miov\u00e9 ke\u0161u o\u0159\u00ed\u0161ky natural,<\/li>\n\n\n\n<li>mandle ve slan\u00e9m karamelu,<\/li>\n\n\n\n<li>ke\u0161u o\u0159\u00ed\u0161ky v b\u00edl\u00e9 \u010dokol\u00e1d\u011b s malinovou p\u0159\u00edchut\u00ed.<\/li>\n<\/ul>\n\n\n\n<p>To v\u0161echno v kilov\u00e9 velikosti, aby maminka m\u011bla dostatek dobrot na dlouh\u00e9 t\u00fddny. Nen\u00ed to skv\u011bl\u00fd n\u00e1pad na d\u00e1rek? Nav\u00edc je to n\u011bco, co si m\u016f\u017ee vychutnat po mal\u00fdch d\u00e1vk\u00e1ch, a poka\u017ed\u00e9 si na v\u00e1s vzpomene.<\/p>\n\n\n\n<h3 class=\"wp-block-heading\"><span class=\"ez-toc-section\" id=\"Darkove_kornouty\"><\/span>D\u00e1rkov\u00e9 kornouty <span class=\"ez-toc-section-end\"><\/span><\/h3>\n\n\n\n<p>Dal\u0161\u00ed skv\u011blou volbou jsou <strong>tematick\u00e9 <a href=\"https:\/\/www.ochutnejorech.cz\/produkt\/darkovy-kornout-ochutnej-orech?varianta=300-g\" target=\"_blank\" data-type=\"link\" data-id=\"https:\/\/www.ochutnejorech.cz\/produkt\/darkovy-kornout-ochutnej-orech?varianta=300-g\" rel=\"noreferrer noopener\">d\u00e1rkov\u00e9 kornouty<\/a><\/strong>, kter\u00e9 m\u016f\u017eete p\u0159izp\u016fsobit z\u00e1jm\u016fm a preferenc\u00edm va\u0161\u00ed maminky. M\u00e1 r\u00e1da \u010dokol\u00e1du? Pak ji jist\u011b pot\u011b\u0161\u00ed <strong><a href=\"https:\/\/www.ochutnejorech.cz\/produkt\/darkovy-kornout-cokomandle-pro-maminku?varianta=600-g\" target=\"_blank\" data-type=\"link\" data-id=\"https:\/\/www.ochutnejorech.cz\/produkt\/darkovy-kornout-cokomandle-pro-maminku?varianta=600-g\" rel=\"noreferrer noopener\">d\u00e1rkov\u00fd kornout pln\u00fd mandl\u00ed v r\u016fzn\u00fdch \u010dokol\u00e1dov\u00fdch polev\u00e1ch<\/a><\/strong> \u2013 od b\u00edl\u00e9 \u010dokol\u00e1dy s kokosem p\u0159es ho\u0159kou \u010dokol\u00e1du a\u017e po varianty s p\u0159\u00edchut\u00ed jahod nebo cappuccina.<\/p>\n\n\n\n<p>A co maminky, kter\u00e9 preferuj\u00ed sp\u00ed\u0161e slan\u00e9 pochoutky? I pro n\u011b existuj\u00ed skv\u011bl\u00e9 varianty \u2013 t\u0159eba <strong><a href=\"https:\/\/www.ochutnejorech.cz\/produkt\/darkovy-kornout-z-udirny-pro-maminku?varianta=600-g\" data-type=\"link\" data-id=\"https:\/\/www.ochutnejorech.cz\/produkt\/darkovy-kornout-z-udirny-pro-maminku?varianta=600-g\" target=\"_blank\" rel=\"noreferrer noopener\">d\u00e1rkov\u00fd kornout Z ud\u00edrny<\/a><\/strong> s uzenen\u00fdmi mandlemi, ke\u0161u z ud\u00edrny, japonsk\u00fdmi perlami a kuku\u0159ic\u00ed s p\u0159\u00edchut\u00ed barbecue. To je rozhodn\u011b jin\u00e1 liga ne\u017e b\u011b\u017en\u00e9 slan\u00e9 bramb\u016frky!<\/p>\n\n\n\n<figure class=\"wp-block-image size-full\"><img decoding=\"async\" width=\"1200\" height=\"630\" src=\"https:\/\/oocz.wps.cz\/wp-content\/uploads\/2025\/04\/den-matek-4.jpg\" alt=\"D\u00e1rkov\u00e9 kornouty kde Dni matek\" class=\"wp-image-62323\" srcset=\"https:\/\/oocz.wps.cz\/wp-content\/uploads\/2025\/04\/den-matek-4.jpg 1200w, https:\/\/oocz.wps.cz\/wp-content\/uploads\/2025\/04\/den-matek-4-300x158.jpg 300w, https:\/\/oocz.wps.cz\/wp-content\/uploads\/2025\/04\/den-matek-4-700x368.jpg 700w, https:\/\/oocz.wps.cz\/wp-content\/uploads\/2025\/04\/den-matek-4-768x403.jpg 768w, https:\/\/oocz.wps.cz\/wp-content\/uploads\/2025\/04\/den-matek-4-800x420.jpg 800w\" sizes=\"(max-width: 1200px) 100vw, 1200px\" \/><\/figure>\n\n\n\n<h3 class=\"wp-block-heading\"><span class=\"ez-toc-section\" id=\"Mix_%E2%80%9EPro_nejuzasnejsi_maminku_na_svete%E2%80%9C_%E2%80%93_exkluzivni_darek\"><\/span>Mix \u201ePro nej\u00fa\u017easn\u011bj\u0161\u00ed maminku na sv\u011bt\u011b\u201c \u2013 exkluzivn\u00ed d\u00e1rek<span class=\"ez-toc-section-end\"><\/span><\/h3>\n\n\n\n<p>Pokud hled\u00e1te opravdu v\u00fdjime\u010dn\u00fd d\u00e1rek, kter\u00fd jasn\u011b vyj\u00e1d\u0159\u00ed, jak moc si maminky v\u00e1\u017e\u00edte, <strong>specialitou pro Den matek 2026 m\u016f\u017ee b\u00fdt mix nazvan\u00fd <a href=\"https:\/\/www.ochutnejorech.cz\/produkt\/mix-pro-nejuzasnejsi-maminku-na-svete?varianta=1-kg\" data-type=\"link\" data-id=\"https:\/\/www.ochutnejorech.cz\/produkt\/mix-pro-nejuzasnejsi-maminku-na-svete?varianta=1-kg\" target=\"_blank\" rel=\"noreferrer noopener\">Pro nej\u00fa\u017easn\u011bj\u0161\u00ed maminku na sv\u011bt\u011b<\/a>.<\/strong> Tento pr\u00e9miov\u00fd mix, speci\u00e1ln\u011b sestaven\u00fd pro tuto p\u0159\u00edle\u017eitost, kombinuje to nejlep\u0161\u00ed z o\u0159ech\u016f a su\u0161en\u00e9ho ovoce v elegantn\u00edm d\u00e1rkov\u00e9m balen\u00ed.<\/p>\n\n\n\n<p>Pro\u010d je tento mix ide\u00e1ln\u00edm d\u00e1rkem? Proto\u017ee mamince dop\u0159eje chvilky relaxace a po\u017eitku jen pro ni samotnou. Ka\u017ed\u00e9 sousto je jako mal\u00e9 objet\u00ed a p\u0159ipomenut\u00ed, \u017ee si zaslou\u017e\u00ed jen to nejlep\u0161\u00ed. A ruku na srdce \u2013 kolik maminek si dop\u0159\u00e1v\u00e1 takov\u00e9 mal\u00e9 luxusn\u00ed radosti? V\u011bt\u0161inou mysl\u00ed na v\u0161echny kolem, ale zapom\u00ednaj\u00ed na sebe. Den matek je perfektn\u00ed p\u0159\u00edle\u017eitost\u00ed, jak jim dop\u0159\u00e1t n\u011bco v\u00fdjime\u010dn\u00e9ho jen pro n\u011b.<\/p>\n\n\n\n<div class=\"product-grid\">\n\n        <div class=\"product-card\"\n             data-product-id=\"B07-10-0010-04\"\n             data-product-category=\"O\u0159echy | O\u0159echy v \u010dokol\u00e1d\u011b | O\u0159echov\u00fd mix v \u010dokol\u00e1d\u011b\"\n             data-variant-id=\"HK80000101\"\n             data-product-price-with-vat=\"449\"\n             data-product-price-without-vat=\"381.65\"\n             data-product-url=\"https:\/\/www.ochutnejorech.cz\/produkt\/mix-milacek?varianta=1-kg\"\n             data-product-deliver-availability=\"0\"\n             data-product-currency=\"CZK\"\n             data-product-variant-name=\"1 kg\">\n\n            <div class=\"product-card-inner-wrapper\">\n\n                                <div class=\"product-title-section\">\n                    <a href=\"https:\/\/www.ochutnejorech.cz\/produkt\/mix-milacek?varianta=1-kg\" target=\"_blank\" rel=\"noopener\">\n                        <div class=\"product-image-wrapper\">\n                            <img decoding=\"async\" class=\"product-image\" src=\"https:\/\/cdn.ochutnejorech.cz\/cdn-cgi\/image\/w=225\/images\/cm49za1b6001clqa82quptlx3\/Obal_mockup_Mila_c_ek__1_.webp\" alt=\"Mix Mil\u00e1\u010dek\">\n                        <\/div>\n\n                        <h3 class=\"product-title\"><span class=\"ez-toc-section\" id=\"Mix_Milacek\"><\/span>Mix Mil\u00e1\u010dek<span class=\"ez-toc-section-end\"><\/span><\/h3>\n                    <\/a>\n                <\/div>\n                \n                <div class=\"product-info-wrapper\">\n                    <span class=\"product-shipping\">Skladem<\/span>\n                                                            <span class=\"product-pricesss\">449 K\u010d<\/span>\n                                                    <\/div>\n                    <span class=\"product-description\">Mil\u00e1\u010dek, o\u0159\u00ed\u0161ky nam\u00edchan\u00e9 z l\u00e1sky! Tento mix tvo\u0159\u00ed skv\u011bl\u00fd d\u00e1rek pro zamilovan\u00e9. Ide\u00e1ln\u00ed na Valent\u00fdna \u010di jako sladk\u00e1 pozornost pro n\u011bkoho v\u00fdjime\u010dn\u00e9ho.<\/span>\n                    <div class=\"product-button-wrapper\">\n                                                    <button class=\"product-button\">\n                                <a id=\"product-button-anchor\" href=\"https:\/\/www.ochutnejorech.cz\/produkt\/mix-milacek?varianta=1-kg\" target=\"_blank\" rel=\"noopener\">Koupit<\/a>\n                            <\/button>\n                                            <\/div>\n\n            <\/div>\n        <\/div>\n        <div class=\"product-card\"\n             data-product-id=\"B06-05-0007-02\"\n             data-product-category=\"D\u00e1rky | Den matek\"\n             data-variant-id=\"_00000070K\"\n             data-product-price-with-vat=\"456\"\n             data-product-price-without-vat=\"387.6\"\n             data-product-url=\"https:\/\/www.ochutnejorech.cz\/produkt\/mix-pro-nejuzasnejsi-maminku-na-svete?varianta=1-kg\"\n             data-product-deliver-availability=\"0\"\n             data-product-currency=\"CZK\"\n             data-product-variant-name=\"1 kg\">\n\n            <div class=\"product-card-inner-wrapper\">\n\n                                <div class=\"product-title-section\">\n                    <a href=\"https:\/\/www.ochutnejorech.cz\/produkt\/mix-pro-nejuzasnejsi-maminku-na-svete?varianta=1-kg\" target=\"_blank\" rel=\"noopener\">\n                        <div class=\"product-image-wrapper\">\n                            <img decoding=\"async\" class=\"product-image\" src=\"https:\/\/cdn.ochutnejorech.cz\/cdn-cgi\/image\/w=225\/images\/cm78wy6np0q4abk02kdazu0ob\/Obal_mockup_Maminka.webp\" alt=\"Mix Pro nej\u00fa\u017easn\u011bj\u0161\u00ed Maminku na sv\u011bt\u011b\">\n                        <\/div>\n\n                        <h3 class=\"product-title\"><span class=\"ez-toc-section\" id=\"Mix_Pro_nejuzasnejsi_Maminku_na_svete\"><\/span>Mix Pro nej\u00fa\u017easn\u011bj\u0161\u00ed Maminku na sv\u011bt\u011b<span class=\"ez-toc-section-end\"><\/span><\/h3>\n                    <\/a>\n                <\/div>\n                \n                <div class=\"product-info-wrapper\">\n                    <span class=\"product-shipping\">Skladem<\/span>\n                                                        <div class=\"product-discount-wrapper\">\n                        <span class=\"product-price product-price-discount\">456 K\u010d<\/span>\n                        <span class=\"product-price product-price-sale\">399 K\u010d<\/span>\n                    <\/div>\n                                                    <\/div>\n                    <span class=\"product-description\">Hled\u00e1te dokonal\u00fd d\u00e1rek pro maminku? N\u00e1\u0161 pr\u00e9miov\u00fd mix o\u0159\u00ed\u0161k\u016f a ovoce v elegantn\u00edm d\u00e1rkov\u00e9m balen\u00ed spojuje to nejlep\u0161\u00ed. Obsahuje vi\u0161n\u011b v ho\u0159k\u00e9 \u010dokol\u00e1d\u011b, natur\u00e1ln\u00ed ke\u0161u, malinov\u00e9 ke\u0161u v b\u00edl\u00e9 \u010dokol\u00e1d\u011b, mandle se slan\u00fdm karamelem a mandle stracciatella. Ka\u017ed\u00e9 sousto je jako objet\u00ed pln\u00e9 l\u00e1sky, proto\u017ee maminky si zaslou\u017e\u00ed jen to nejlep\u0161\u00ed. Darujte sv\u00e9 mamince v\u00fdjime\u010dn\u00fd z\u00e1\u017eitek v podob\u011b tohoto speci\u00e1ln\u00edho mixu.<\/span>\n                    <div class=\"product-button-wrapper\">\n                                                    <button class=\"product-button\">\n                                <a id=\"product-button-anchor\" href=\"https:\/\/www.ochutnejorech.cz\/produkt\/mix-pro-nejuzasnejsi-maminku-na-svete?varianta=1-kg\" target=\"_blank\" rel=\"noopener\">Koupit<\/a>\n                            <\/button>\n                                            <\/div>\n\n            <\/div>\n        <\/div>\n        <div class=\"product-card\"\n             data-product-id=\"B06-05-0007-01\"\n             data-product-category=\"D\u00e1rky | D\u00e1rky pro \u017eeny\"\n             data-variant-id=\"_000000703\"\n             data-product-price-with-vat=\"399\"\n             data-product-price-without-vat=\"339.15\"\n             data-product-url=\"https:\/\/www.ochutnejorech.cz\/produkt\/mix-pro-skvelou-zenskou?varianta=1-kg\"\n             data-product-deliver-availability=\"0\"\n             data-product-currency=\"CZK\"\n             data-product-variant-name=\"1 kg\">\n\n            <div class=\"product-card-inner-wrapper\">\n\n                                <div class=\"product-title-section\">\n                    <a href=\"https:\/\/www.ochutnejorech.cz\/produkt\/mix-pro-skvelou-zenskou?varianta=1-kg\" target=\"_blank\" rel=\"noopener\">\n                        <div class=\"product-image-wrapper\">\n                            <img decoding=\"async\" class=\"product-image\" src=\"https:\/\/cdn.ochutnejorech.cz\/cdn-cgi\/image\/w=225\/images\/cm5ksokdu0wcfqu4ijfyywphj\/Obal_mockup_Skve_la__z_enska___1_.webp\" alt=\"Mix Pro skv\u011blou \u017eenskou\">\n                        <\/div>\n\n                        <h3 class=\"product-title\"><span class=\"ez-toc-section\" id=\"Mix_Pro_skvelou_zenskou\"><\/span>Mix Pro skv\u011blou \u017eenskou<span class=\"ez-toc-section-end\"><\/span><\/h3>\n                    <\/a>\n                <\/div>\n                \n                <div class=\"product-info-wrapper\">\n                    <span class=\"product-shipping\">Skladem<\/span>\n                                                            <span class=\"product-pricesss\">399 K\u010d<\/span>\n                                                    <\/div>\n                    <span class=\"product-description\">Darujte d\u00e1rkov\u00fd mix nam\u00edchan\u00fd z l\u00e1sky. Su\u0161en\u00e9 ovoce v jogurtu a o\u0159\u00ed\u0161ky v b\u00edl\u00e9 \u010dokol\u00e1d\u011b v elegantn\u00edm balen\u00ed pot\u011b\u0161\u00ed ka\u017edou \u017eenu.<\/span>\n                    <div class=\"product-button-wrapper\">\n                                                    <button class=\"product-button\">\n                                <a id=\"product-button-anchor\" href=\"https:\/\/www.ochutnejorech.cz\/produkt\/mix-pro-skvelou-zenskou?varianta=1-kg\" target=\"_blank\" rel=\"noopener\">Koupit<\/a>\n                            <\/button>\n                                            <\/div>\n\n            <\/div>\n        <\/div>\n\n<\/div>\n\n\n\n<h2 class=\"wp-block-heading\"><span class=\"ez-toc-section\" id=\"Jak_vybrat_ten_spravny_darek_pro_vasi_maminku\"><\/span>Jak vybrat ten spr\u00e1vn\u00fd d\u00e1rek pro va\u0161i maminku<span class=\"ez-toc-section-end\"><\/span><\/h2>\n\n\n\n<p><strong>P\u0159i v\u00fdb\u011bru d\u00e1rku je d\u016fle\u017eit\u00e9 myslet na osobnost a preference va\u0161\u00ed maminky.<\/strong> Je sp\u00ed\u0161e praktick\u00e1 nebo m\u00e1 r\u00e1da luxusn\u00ed mali\u010dkosti? Preferuje sladk\u00e9 nebo slan\u00e9? <\/p>\n\n\n\n<h3 class=\"wp-block-heading\"><span class=\"ez-toc-section\" id=\"Podle_typu_osobnosti\"><\/span>Podle typu osobnosti<span class=\"ez-toc-section-end\"><\/span><\/h3>\n\n\n\n<p>Pro praktick\u00e9 maminky mohou b\u00fdt skv\u011bl\u00fdm d\u00e1rkem <strong>kvalitn\u00ed potraviny, kter\u00e9 skute\u010dn\u011b vyu\u017eije a kter\u00e9 j\u00ed u\u0161et\u0159\u00ed \u010das. <\/strong>Mix o\u0159ech\u016f a su\u0161en\u00e9ho ovoce je ide\u00e1ln\u00ed sva\u010dinou, kterou si m\u016f\u017ee vz\u00edt do pr\u00e1ce nebo si ji dop\u0159\u00e1t ve\u010der u obl\u00edben\u00e9ho seri\u00e1lu.<\/p>\n\n\n\n<p>Pro maminky, kter\u00e9 si r\u00e1dy dop\u0159\u00e1vaj\u00ed luxus a rozmazlov\u00e1n\u00ed, m\u016f\u017eete vybrat pr\u00e9miov\u00e9 varianty s exotick\u00fdmi p\u0159\u00edchut\u011bmi nebo neobvykl\u00fdmi kombinacemi. <\/p>\n\n\n\n<h3 class=\"wp-block-heading\"><span class=\"ez-toc-section\" id=\"Podle_veku_a_zivotniho_stylu\"><\/span>Podle v\u011bku a \u017eivotn\u00edho stylu<span class=\"ez-toc-section-end\"><\/span><\/h3>\n\n\n\n<p>Mlad\u0161\u00ed maminky \u010dasto ocen\u00ed <strong>modern\u00ed a trendy d\u00e1rky, kter\u00e9 mohou sd\u00edlet se sv\u00fdmi p\u0159\u00e1teli nebo je vyu\u017e\u00edt p\u0159i spole\u010densk\u00fdch p\u0159\u00edle\u017eitostech.<\/strong> Star\u0161\u00ed maminky mohou m\u00edt radost <strong>z d\u00e1rk\u016f, kter\u00e9 jim p\u0159ipomenou tradi\u010dn\u00ed chut\u011b nebo je p\u0159ekvap\u00ed n\u011b\u010d\u00edm nov\u00fdm, co je\u0161t\u011b nezkusily.<\/strong><\/p>\n\n\n\n<p>Aktivn\u00ed maminky jist\u011b pot\u011b\u0161\u00ed <strong>zdrav\u00e9 alternativy ke sladkostem <\/strong>\u2013 t\u0159eba mix s vy\u0161\u0161\u00edm pod\u00edlem o\u0159ech\u016f, kter\u00e9 dodaj\u00ed energii. Pro maminky, kter\u00e9 si r\u00e1dy dop\u0159ej\u00ed chvilku klidu s knihou nebo filmem, m\u016f\u017ee b\u00fdt ide\u00e1ln\u00ed kombinace r\u016fzn\u00fdch pochutin, kter\u00e9 jim tento z\u00e1\u017eitek je\u0161t\u011b zp\u0159\u00edjemn\u00ed.<\/p>\n\n\n\n<figure class=\"wp-block-image size-full\"><img decoding=\"async\" width=\"1200\" height=\"630\" src=\"https:\/\/oocz.wps.cz\/wp-content\/uploads\/2025\/04\/den-matek-2.jpg\" alt=\"D\u00e1rkov\u00e9 o\u0159\u00ed\u0161kov\u00e9 mixy ke Dni matek\" class=\"wp-image-62325\" srcset=\"https:\/\/oocz.wps.cz\/wp-content\/uploads\/2025\/04\/den-matek-2.jpg 1200w, https:\/\/oocz.wps.cz\/wp-content\/uploads\/2025\/04\/den-matek-2-300x158.jpg 300w, https:\/\/oocz.wps.cz\/wp-content\/uploads\/2025\/04\/den-matek-2-700x368.jpg 700w, https:\/\/oocz.wps.cz\/wp-content\/uploads\/2025\/04\/den-matek-2-768x403.jpg 768w, https:\/\/oocz.wps.cz\/wp-content\/uploads\/2025\/04\/den-matek-2-800x420.jpg 800w\" sizes=\"(max-width: 1200px) 100vw, 1200px\" \/><\/figure>\n\n\n\n<h2 class=\"wp-block-heading\"><span class=\"ez-toc-section\" id=\"Jak_originalne_predat_darek_na_Den_matek_2026\"><\/span>Jak origin\u00e1ln\u011b p\u0159edat d\u00e1rek na Den matek 2026<span class=\"ez-toc-section-end\"><\/span><\/h2>\n\n\n\n<p>Nezapome\u0148te, \u017ee stejn\u011b d\u016fle\u017eit\u00e9 jako samotn\u00fd d\u00e1rek je i zp\u016fsob, jak\u00fdm ho p\u0159ed\u00e1te. Mal\u00e9 detaily mohou z b\u011b\u017en\u00e9ho p\u0159ed\u00e1n\u00ed d\u00e1rku ud\u011blat nezapomenuteln\u00fd moment.<\/p>\n\n\n\n<h3 class=\"wp-block-heading\"><span class=\"ez-toc-section\" id=\"Kreativni_zpusoby_baleni_a_predani\"><\/span>Kreativn\u00ed zp\u016fsoby balen\u00ed a p\u0159ed\u00e1n\u00ed<span class=\"ez-toc-section-end\"><\/span><\/h3>\n\n\n\n<p>Krom\u011b tradi\u010dn\u00edho d\u00e1rkov\u00e9ho balen\u00ed m\u016f\u017eete <strong>p\u0159idat osobn\u00ed dotek \u2013 t\u0159eba ru\u010dn\u011b psan\u00e9 p\u0159\u00e1n\u00ed, fotografii spole\u010dn\u00fdch vzpom\u00ednek nebo malou b\u00e1sni\u010dku.<\/strong> Pokud jste kreativn\u00ed, m\u016f\u017eete d\u00e1rek zabalit do vlastnoru\u010dn\u011b vyroben\u00e9ho balic\u00edho pap\u00edru, nebo ho ozdobit origin\u00e1ln\u00ed ma\u0161l\u00ed a dopl\u0148ky z <a href=\"https:\/\/www.manumi.cz\/kreativni-papir\/\" target=\"_blank\" rel=\"noreferrer noopener\">kreativn\u00edho pap\u00edru<\/a>, kter\u00fd dod\u00e1 balen\u00ed osobit\u00fd a n\u00e1padit\u00fd vzhled.<\/p>\n\n\n\n<h3 class=\"wp-block-heading\"><span class=\"ez-toc-section\" id=\"Spojeni_s_aktivitou_nebo_zazitkem\"><\/span>Spojen\u00ed s aktivitou nebo z\u00e1\u017eitkem<span class=\"ez-toc-section-end\"><\/span><\/h3>\n\n\n\n<p><strong>Nejkr\u00e1sn\u011bj\u0161\u00ed d\u00e1rky jsou \u010dasto ty, kter\u00e9 jsou spojen\u00e9 se spole\u010dn\u00fdm z\u00e1\u017eitkem.<\/strong> Co t\u0159eba p\u0159ipravit mamince sn\u00eddani do postele a k n\u00ed p\u0159idat d\u00e1rkov\u00fd bal\u00ed\u010dek? Nebo napl\u00e1novat v\u00fdlet na jej\u00ed obl\u00edben\u00e9 m\u00edsto a b\u011bhem n\u011bj ji p\u0159ekvapit p\u0159ipraven\u00fdm piknikem s lah\u016fdkami?<\/p>\n\n\n\n<p>Mohli byste tak\u00e9 zorganizovat malou rodinnou oslavu, kde mamince p\u0159ed\u00e1te d\u00e1rek v kruhu nejbli\u017e\u0161\u00edch. Takov\u00e1 gesta ukazuj\u00ed, \u017ee jste do p\u0159\u00edpravy vlo\u017eili \u010das a energii, co\u017e maminky v\u017edy ocen\u00ed v\u00edce ne\u017e samotnou materi\u00e1ln\u00ed hodnotu d\u00e1rku.<\/p>\n\n\n\n<h3 class=\"wp-block-heading\"><span class=\"ez-toc-section\" id=\"Kdy_objednat_a_jak_zajistit_vcasne_doruceni_darku\"><\/span>Kdy objednat a jak zajistit v\u010dasn\u00e9 doru\u010den\u00ed d\u00e1rku<span class=\"ez-toc-section-end\"><\/span><\/h3>\n\n\n\n<p><strong>Abychom v\u00e1m u\u0161et\u0159ili stres s objedn\u00e1v\u00e1n\u00edm na posledn\u00ed chv\u00edli, zde je n\u011bkolik praktick\u00fdch tip\u016f, kter\u00e9 zajist\u00ed, \u017ee v\u00e1\u0161 d\u00e1rek doraz\u00ed v\u010das:<\/strong><\/p>\n\n\n\n<h3 class=\"wp-block-heading\"><span class=\"ez-toc-section\" id=\"Terminy_pro_objednani_darku_online\"><\/span>Term\u00edny pro objedn\u00e1n\u00ed d\u00e1rk\u016f online<span class=\"ez-toc-section-end\"><\/span><\/h3>\n\n\n\n<p>P\u0159i objedn\u00e1v\u00e1n\u00ed d\u00e1rk\u016f online je v\u017edy lep\u0161\u00ed po\u010d\u00edtat s rezervou. Pro Den matek 2026, kter\u00fd p\u0159ipad\u00e1 na 10. kv\u011btna, byste m\u011bli ide\u00e1ln\u011b objednat d\u00e1rek <strong>nejpozd\u011bji do 4. kv\u011btna.<\/strong> Mnoho e-shop\u016f p\u0159ed Dnem matek garantuje doru\u010den\u00ed p\u0159i objedn\u00e1vce do ur\u010dit\u00e9ho data \u2013 nap\u0159\u00edklad do 6. kv\u011btna 2026.<\/p>\n\n\n\n<p>Pokud objedn\u00e1v\u00e1te personalizovan\u00e9 nebo speci\u00e1ln\u00ed d\u00e1rky, kter\u00e9 vy\u017eaduj\u00ed del\u0161\u00ed p\u0159\u00edpravu, je lep\u0161\u00ed za\u010d\u00edt s objedn\u00e1vkou je\u0161t\u011b d\u0159\u00edve, ide\u00e1ln\u011b u\u017e v dubnu. T\u00edm si zajist\u00edte dostatek \u010dasu na p\u0159\u00edpadn\u00e9 \u00fapravy nebo \u0159e\u0161en\u00ed neo\u010dek\u00e1van\u00fdch situac\u00ed s doru\u010den\u00edm.<\/p>\n\n\n\n<h3 class=\"wp-block-heading\"><span class=\"ez-toc-section\" id=\"Moznosti_doruceni_a_osobniho_predani\"><\/span>Mo\u017enosti doru\u010den\u00ed a osobn\u00edho p\u0159ed\u00e1n\u00ed<span class=\"ez-toc-section-end\"><\/span><\/h3>\n\n\n\n<p>P\u0159i objedn\u00e1v\u00e1n\u00ed online m\u00e1te obvykle n\u011bkolik mo\u017enost\u00ed doru\u010den\u00ed \u2013 <strong>od klasick\u00e9 po\u0161ty p\u0159es kur\u00fdrn\u00ed slu\u017eby a\u017e po vyzvednut\u00ed na v\u00fddejn\u00edch m\u00edstech.<\/strong> Pokud chcete m\u00edt jistotu, \u017ee d\u00e1rek doraz\u00ed v perfektn\u00edm stavu a v\u010das, m\u016f\u017ee b\u00fdt dobrou volbou kur\u00fdrn\u00ed slu\u017eba, i kdy\u017e je obvykle dra\u017e\u0161\u00ed.<\/p>\n\n\n\n<p>Dal\u0161\u00ed mo\u017enost\u00ed je nechat si d\u00e1rek doru\u010dit k sob\u011b a p\u0159edat ho mamince osobn\u011b. To v\u00e1m umo\u017en\u00ed zkontrolovat stav d\u00e1rku p\u0159ed p\u0159ed\u00e1n\u00edm a p\u0159\u00edpadn\u011b ho je\u0161t\u011b n\u011b\u010d\u00edm doplnit.<\/p>\n\n\n\n<h2 class=\"wp-block-heading\"><span class=\"ez-toc-section\" id=\"Domaci_vs_kupovane_darky_%E2%80%93_co_maminky_opravdu_oceni\"><\/span>Dom\u00e1c\u00ed vs. kupovan\u00e9 d\u00e1rky \u2013 co maminky opravdu ocen\u00ed<span class=\"ez-toc-section-end\"><\/span><\/h2>\n\n\n\n<p>Diskuse o tom, zda maminky v\u00edce ocen\u00ed dom\u00e1c\u00ed nebo kupovan\u00e9 d\u00e1rky, nem\u00e1 jednozna\u010dnou odpov\u011b\u010f. Pravda je, \u017ee <strong>z\u00e1le\u017e\u00ed na osobnosti maminky, va\u0161ich dovednostech a tak\u00e9 na tom, kolik \u010dasu m\u016f\u017eete p\u0159\u00edprav\u011b d\u00e1rku v\u011bnovat.<\/strong><\/p>\n\n\n\n<h3 class=\"wp-block-heading\"><span class=\"ez-toc-section\" id=\"Kouzlo_rucne_vyrobenych_darku\"><\/span>Kouzlo ru\u010dn\u011b vyroben\u00fdch d\u00e1rk\u016f<span class=\"ez-toc-section-end\"><\/span><\/h3>\n\n\n\n<p>Dom\u00e1c\u00ed d\u00e1rky maj\u00ed neoddiskutovateln\u00e9 kouzlo \u2013 jsou jedine\u010dn\u00e9, osobn\u00ed a jasn\u011b ukazuj\u00ed, \u017ee jste do nich vlo\u017eili sv\u016fj \u010das a energii. Ru\u010dn\u011b vyroben\u00e1 p\u0159\u00e1n\u00ed\u010dka, fotoalba se spole\u010dn\u00fdmi vzpom\u00ednkami nebo dokonce dom\u00e1c\u00ed pe\u010divo \u010di zava\u0159eniny mohou m\u00edt pro maminku obrovskou emocion\u00e1ln\u00ed hodnotu.<\/p>\n\n\n\n<p>Pokud se rozhodnete pro dom\u00e1c\u00ed d\u00e1rek, nemus\u00edte b\u00fdt profesion\u00e1ln\u00ed um\u011blec nebo kucha\u0159. I jednoduch\u00e9 v\u011bci, jako je kol\u00e1\u017e z fotografi\u00ed, ru\u010dn\u011b malovan\u00fd hrnek nebo dopis, ve kter\u00e9m vyj\u00e1d\u0159\u00edte, co pro v\u00e1s maminka znamen\u00e1, mohou b\u00fdt nesm\u00edrn\u011b dojemn\u00e9 a cenn\u00e9.<\/p>\n\n\n\n<h2 class=\"wp-block-heading\"><span class=\"ez-toc-section\" id=\"Vyhody_kvalitnich_kupovanych_darku\"><\/span>V\u00fdhody kvalitn\u00edch kupovan\u00fdch d\u00e1rk\u016f<span class=\"ez-toc-section-end\"><\/span><\/h2>\n\n\n\n<p>Na druhou stranu, kvalitn\u00ed kupovan\u00e9 d\u00e1rky maj\u00ed tak\u00e9 sv\u00e9 nesporn\u00e9 v\u00fdhody. <strong>Profesion\u00e1ln\u00ed produkty jako gurm\u00e1nsk\u00e9 speciality nebo wellness z\u00e1\u017eitky mohou mamince nab\u00eddnout \u00farove\u0148 po\u017eitku, kterou by dom\u00e1c\u00edmi prost\u0159edky bylo t\u011b\u017ek\u00e9 dos\u00e1hnout.<\/strong><\/p>\n\n\n\n<p>Nav\u00edc, ne ka\u017ed\u00fd m\u00e1 \u010das nebo dovednosti na vytvo\u0159en\u00ed opravdu poveden\u00e9ho dom\u00e1c\u00edho d\u00e1rku. V takov\u00e9m p\u0159\u00edpad\u011b je mnohem lep\u0161\u00ed vybrat kvalitn\u00ed kupovan\u00fd d\u00e1rek, do jeho\u017e v\u00fdb\u011bru jste vlo\u017eili snahu a porozum\u011bn\u00ed tomu, co maminka opravdu ocen\u00ed.<\/p>\n\n\n\n<h3 class=\"wp-block-heading\"><span class=\"ez-toc-section\" id=\"Idealni_kombinace_%E2%80%93_osobni_dotek_a_kvalitni_darek\"><\/span>Ide\u00e1ln\u00ed kombinace \u2013 osobn\u00ed dotek a kvalitn\u00ed d\u00e1rek<span class=\"ez-toc-section-end\"><\/span><\/h3>\n\n\n\n<p>Mo\u017en\u00e1 nejlep\u0161\u00edm \u0159e\u0161en\u00edm je kombinace obou p\u0159\u00edstup\u016f. Ke kupovan\u00e9mu d\u00e1rku, jako je nap\u0159\u00edklad <strong>speci\u00e1ln\u00ed mix o\u0159ech\u016f a su\u0161en\u00e9ho ovoce<\/strong>, m\u016f\u017eete p\u0159idat ru\u010dn\u011b vyroben\u00e9 p\u0159\u00e1n\u00ed\u010dko nebo mal\u00fd osobn\u00ed dopis. Nebo m\u016f\u017eete hlavn\u00ed d\u00e1rek doplnit drobnou dom\u00e1c\u00ed pozornost\u00ed \u2013 t\u0159eba vlastnoru\u010dn\u011b upe\u010den\u00fdmi su\u0161enkami nebo mal\u00fdm kv\u011btin\u00e1\u010dem s bylinkami, o kter\u00e9 jste sami pe\u010dovali.<\/p>\n\n\n\n<p>Takto mamince uk\u00e1\u017eete, \u017ee jste investovali jak do kvality d\u00e1rku, tak do osobn\u00edho vyj\u00e1d\u0159en\u00ed va\u0161ich cit\u016f. A to je kombinace, kter\u00e1 pravd\u011bpodobn\u011b pot\u011b\u0161\u00ed ka\u017edou maminku.<\/p>\n\n\n\n<figure class=\"wp-block-image size-full\"><img decoding=\"async\" width=\"1200\" height=\"630\" src=\"https:\/\/oocz.wps.cz\/wp-content\/uploads\/2025\/04\/den-matek-8.jpg\" alt=\"Den matek\" class=\"wp-image-62332\" srcset=\"https:\/\/oocz.wps.cz\/wp-content\/uploads\/2025\/04\/den-matek-8.jpg 1200w, https:\/\/oocz.wps.cz\/wp-content\/uploads\/2025\/04\/den-matek-8-300x158.jpg 300w, https:\/\/oocz.wps.cz\/wp-content\/uploads\/2025\/04\/den-matek-8-700x368.jpg 700w, https:\/\/oocz.wps.cz\/wp-content\/uploads\/2025\/04\/den-matek-8-768x403.jpg 768w, https:\/\/oocz.wps.cz\/wp-content\/uploads\/2025\/04\/den-matek-8-800x420.jpg 800w\" sizes=\"(max-width: 1200px) 100vw, 1200px\" \/><\/figure>\n\n\n\n<h2 class=\"wp-block-heading\"><span class=\"ez-toc-section\" id=\"Tradice_a_zvyky_spojene_se_Dnem_matek_ve_svete\"><\/span>Tradice a zvyky spojen\u00e9 se Dnem matek ve sv\u011bt\u011b<span class=\"ez-toc-section-end\"><\/span><\/h2>\n\n\n\n<p><strong>Den matek je sv\u00e1tek slaven\u00fd po cel\u00e9m sv\u011bt\u011b, ale v r\u016fzn\u00fdch zem\u00edch m\u00e1 r\u016fzn\u00e9 podoby a tradice.<\/strong> Poj\u010fme se pod\u00edvat na n\u011bkter\u00e9 zaj\u00edmav\u00e9 zvyky, kter\u00e9 by v\u00e1s mohly inspirovat pro oslavu v roce 2026.<\/p>\n\n\n\n<h2 class=\"wp-block-heading\"><span class=\"ez-toc-section\" id=\"Jak_se_slavi_Den_matek_v_ruznych_kulturach\"><\/span>Jak se slav\u00ed Den matek v r\u016fzn\u00fdch kultur\u00e1ch<span class=\"ez-toc-section-end\"><\/span><\/h2>\n\n\n\n<p><strong>Ve Spojen\u00fdch st\u00e1tech, odkud modern\u00ed podoba sv\u00e1tku poch\u00e1z\u00ed, je Den matek jedn\u00edm z nejv\u00fdznamn\u011bj\u0161\u00edch sv\u00e1tk\u016f roku.<\/strong> Krom\u011b d\u00e1rk\u016f a kv\u011btin je obvykl\u00e9 pozvat maminku na slavnostn\u00ed brunch nebo ob\u011bd mimo domov. Restaurace b\u00fdvaj\u00ed v tento den zcela zapln\u011bn\u00e9 a mnoh\u00e9 nab\u00edzej\u00ed speci\u00e1ln\u00ed menu pro tuto p\u0159\u00edle\u017eitost.<\/p>\n\n\n\n<p>Ve Velk\u00e9 Brit\u00e1nii, kde se sv\u00e1tek slav\u00ed jako <em>Mothering Sunday<\/em> b\u011bhem postn\u00edho obdob\u00ed, bylo tradi\u010dn\u011b zvykem, \u017ee slu\u017eebnictvo dostalo volno, aby mohlo nav\u0161t\u00edvit sv\u00e9 matky. Sou\u010d\u00e1st\u00ed tradice byl tak\u00e9 speci\u00e1ln\u00ed dort naz\u00fdvan\u00fd <em>Simnel cake<\/em> \u2013 ovocn\u00fd kol\u00e1\u010d s vrstvou marcip\u00e1nu.<\/p>\n\n\n\n<p>V Japonsku d\u011bti kresl\u00ed obr\u00e1zky sv\u00fdch matek a \u00fa\u010dastn\u00ed se sout\u011b\u017e\u00ed o nejhez\u010d\u00ed kresbu. Typick\u00fdmi d\u00e1rky jsou zde \u010derven\u00e9 karafi\u00e1ty nebo orchideje symbolizuj\u00edc\u00ed \u010distotu a s\u00edlu mate\u0159sk\u00e9 l\u00e1sky.<\/p>\n\n\n\n<h2 class=\"wp-block-heading\"><span class=\"ez-toc-section\" id=\"Ceske_tradice_spojene_se_Dnem_matek\"><\/span>\u010cesk\u00e9 tradice spojen\u00e9 se Dnem matek<span class=\"ez-toc-section-end\"><\/span><\/h2>\n\n\n\n<p>V \u010desk\u00e9m prost\u0159ed\u00ed nem\u00e1 Den matek tak dlouhou tradici jako v n\u011bkter\u00fdch jin\u00fdch zem\u00edch, ale i u n\u00e1s se vyvinuly ur\u010dit\u00e9 zvyky. Mezi nejkr\u00e1sn\u011bj\u0161\u00ed pat\u0159\u00ed \u0161koln\u00ed bes\u00eddky, kde d\u011bti p\u0159ipravuj\u00ed program pro maminky \u2013 recituj\u00ed b\u00e1sni\u010dky, zp\u00edvaj\u00ed p\u00edsni\u010dky nebo p\u0159ipravuj\u00ed mal\u00e1 divadeln\u00ed p\u0159edstaven\u00ed.<\/p>\n\n\n\n<p>Tradi\u010dn\u00ed sou\u010d\u00e1st\u00ed oslav je tak\u00e9 p\u0159ed\u00e1v\u00e1n\u00ed ru\u010dn\u011b vyroben\u00fdch d\u00e1re\u010dk\u016f a p\u0159\u00e1n\u00ed\u010dek, kter\u00e9 d\u011bti vytvo\u0159\u00ed ve \u0161kole nebo \u0161kolce. Tyto drobn\u00e9 pozornosti maj\u00ed pro maminky \u010dasto v\u011bt\u0161\u00ed hodnotu ne\u017e drah\u00e9 d\u00e1rky.<\/p>\n\n\n\n<p>V mnoha rodin\u00e1ch je zvykem, \u017ee tat\u00ednkov\u00e9 a d\u011bti p\u0159evezmou v tento den ve\u0161ker\u00e9 dom\u00e1c\u00ed pr\u00e1ce, aby si maminka mohla odpo\u010dinout a u\u017e\u00edt si sv\u016fj sv\u00e1tek. P\u0159ipravuj\u00ed sn\u00eddani do postele, va\u0159\u00ed ob\u011bd nebo ve\u010de\u0159i a staraj\u00ed se o to, aby maminka nemusela d\u011blat v\u016fbec nic.<\/p>\n\n\n\n<h2 class=\"wp-block-heading\"><span class=\"ez-toc-section\" id=\"Jak_zapojit_celou_rodinu_do_oslavy_Dne_matek\"><\/span>Jak zapojit celou rodinu do oslavy Dne matek<span class=\"ez-toc-section-end\"><\/span><\/h2>\n\n\n\n<p>Den matek je skv\u011blou p\u0159\u00edle\u017eitost\u00ed k tomu, aby se cel\u00e1 rodina spojila a spole\u010dn\u011b vyj\u00e1d\u0159ila vd\u011b\u010dnost mamince. <strong>Jak na to, aby byla oslava opravdu nezapomenuteln\u00e1?<\/strong><\/p>\n\n\n\n<h3 class=\"wp-block-heading\"><span class=\"ez-toc-section\" id=\"Napady_na_rodinne_aktivity_pro_Den_matek_2026\"><\/span>N\u00e1pady na rodinn\u00e9 aktivity pro Den matek 2026<span class=\"ez-toc-section-end\"><\/span><\/h3>\n\n\n\n<p>Piknik v p\u0159\u00edrod\u011b m\u016f\u017ee b\u00fdt skv\u011bl\u00fdm zp\u016fsobem, jak str\u00e1vit Den matek, pokud bude 10. kv\u011btna 2026 hezk\u00e9 po\u010das\u00ed. P\u0159ipravte mamince jej\u00ed obl\u00edben\u00e9 j\u00eddlo, najd\u011bte p\u011bkn\u00e9 m\u00edsto a u\u017eijte si spole\u010dn\u00fd \u010das v p\u0159\u00edrod\u011b.<\/p>\n\n\n\n<p>Rodinn\u00e9 fotografov\u00e1n\u00ed je dal\u0161\u00ed aktivitou, kterou m\u016f\u017eete napl\u00e1novat. Najm\u011bte profesion\u00e1ln\u00edho fotografa nebo se prost\u011b jen vystrojte a ud\u011blejte si p\u011bkn\u00e9 rodinn\u00e9 fotografie, kter\u00e9 mamince z\u016fstanou jako vzpom\u00ednka.<\/p>\n\n\n\n<p>Workshop nebo kurz m\u016f\u017ee b\u00fdt skv\u011bl\u00fdm z\u00e1\u017eitkem, pokud va\u0161e maminka r\u00e1da zkou\u0161\u00ed nov\u00e9 v\u011bci. A\u0165 u\u017e jde o kurz keramiky, malov\u00e1n\u00ed, va\u0159en\u00ed nebo t\u0159eba j\u00f3gy \u2013 spole\u010dn\u00fd z\u00e1\u017eitek a nov\u00e1 dovednost mohou b\u00fdt hodnotn\u011bj\u0161\u00edm d\u00e1rkem ne\u017e jak\u00e1koliv v\u011bc.<\/p>\n\n\n\n<h2 class=\"wp-block-heading\"><span class=\"ez-toc-section\" id=\"Jak_zapojit_i_nejmensi_cleny_rodiny\"><\/span>Jak zapojit i nejmen\u0161\u00ed \u010dleny rodiny<span class=\"ez-toc-section-end\"><\/span><\/h2>\n\n\n\n<p>I mal\u00e9 d\u011bti mohou v\u00fdznamn\u011b p\u0159isp\u011bt k oslav\u011b Dne matek. Mohou nap\u0159\u00edklad p\u0159ipravit jednoduch\u00e9 p\u0159\u00e1n\u00ed\u010dko \u2013 otisk ruky nebo nohy na pap\u00ed\u0159e s vesel\u00fdmi barvami ud\u011bl\u00e1 ka\u017ed\u00e9 mamince nebo babi\u010dce radost.<\/p>\n\n\n\n<p>Star\u0161\u00ed d\u011bti mohou pomoci s p\u0159\u00edpravou jednoduch\u00e9ho j\u00eddla, nap\u0159\u00edklad sn\u00eddan\u011b do postele, nebo se nau\u010dit jednoduchou b\u00e1sni\u010dku \u010di p\u00edsni\u010dku, kterou mamince p\u0159ednesou.<\/p>\n\n\n\n<p>Teenage\u0159i by mohli p\u0159ipravit video mont\u00e1\u017e z rodinn\u00fdch fotografi\u00ed nebo nato\u010dit kr\u00e1tk\u00e9 video, ve kter\u00e9m vyj\u00e1d\u0159\u00ed, co pro n\u011b maminka znamen\u00e1. V dne\u0161n\u00ed digit\u00e1ln\u00ed dob\u011b jsou takov\u00e9 projekty relativn\u011b jednoduch\u00e9 i pro ty, kte\u0159\u00ed nemaj\u00ed profesion\u00e1ln\u00ed vybaven\u00ed nebo zku\u0161enosti.<\/p>\n\n\n\n<p><strong>TIP: Co takhle ud\u011blat radost i sob\u011b? Vyzkou\u0161ejte na\u0161e lahodn\u00e9 <a href=\"https:\/\/www.ochutnejorech.cz\/produkt\/mandle-se-skorici-v-mlecne-cokolade\" target=\"_blank\" rel=\"noreferrer noopener\">mandle v \u010dokol\u00e1d\u011b se sko\u0159ic\u00ed<\/a>,<a href=\"https:\/\/www.ochutnejorech.cz\/produkt\/lyofilizovane-maliny-mrazem-susene?varianta=30-g\" target=\"_blank\" rel=\"noreferrer noopener\">lyofilizovan\u00e9 maliny<\/a> nebo si po\u0159i\u010fte <a href=\"https:\/\/www.ochutnejorech.cz\/produkt\/mandle-jadra-loupana-23-25-velka?varianta=1-kg\" target=\"_blank\" rel=\"noreferrer noopener\">mandle loupan\u00e9 1 kg <\/a>a n\u011bco dobr\u00e9ho si upe\u010dte.<\/strong><\/p>\n\n\n\n<h2 class=\"wp-block-heading\"><span class=\"ez-toc-section\" id=\"Casto_kladene_otazky\"><\/span>\u010casto kladen\u00e9 ot\u00e1zky<span class=\"ez-toc-section-end\"><\/span><\/h2>\n\n\n<div id=\"rank-math-faq\" class=\"rank-math-block\">\n<div class=\"rank-math-list \">\n<div id=\"faq-question-1745313820984\" class=\"rank-math-list-item\">\n<h3 class=\"rank-math-question \"><span class=\"ez-toc-section\" id=\"Kdy_presne_se_slavi_Den_matek_v_roce_2026\"><\/span>Kdy p\u0159esn\u011b se slav\u00ed Den matek v roce 2026?<span class=\"ez-toc-section-end\"><\/span><\/h3>\n<div class=\"rank-math-answer \">\n\n<p>Den matek v roce 2026 p\u0159ipad\u00e1 na ned\u011bli 10. kv\u011btna. V \u010cesk\u00e9 republice se tento sv\u00e1tek ji\u017e tradi\u010dn\u011b slav\u00ed v\u017edy druhou kv\u011btnovou ned\u011bli.<\/p>\n\n<\/div>\n<\/div>\n<div id=\"faq-question-1745317880899\" class=\"rank-math-list-item\">\n<h3 class=\"rank-math-question \"><span class=\"ez-toc-section\" id=\"Proc_se_Den_matek_slavi_druhou_kvetnovou_nedeli\"><\/span>Pro\u010d se Den matek slav\u00ed druhou kv\u011btnovou ned\u011bli?<span class=\"ez-toc-section-end\"><\/span><\/h3>\n<div class=\"rank-math-answer \">\n\n<p>Tato tradice poch\u00e1z\u00ed z USA, kde v roce 1914 prezident Woodrow Wilson ofici\u00e1ln\u011b vyhl\u00e1sil Den matek jako celon\u00e1rodn\u00ed sv\u00e1tek, kter\u00fd se m\u011bl slavit druhou kv\u011btnovou ned\u011bli. Do \u010ceskoslovenska se tento zvyk dostal v roce 1923 a od t\u00e9 doby se u n\u00e1s tak\u00e9 dr\u017e\u00ed term\u00edn druh\u00e9 kv\u011btnov\u00e9 ned\u011ble.<\/p>\n\n<\/div>\n<\/div>\n<div id=\"faq-question-1745317904125\" class=\"rank-math-list-item\">\n<h3 class=\"rank-math-question \"><span class=\"ez-toc-section\" id=\"Slavi_se_Den_matek_ve_stejny_den_po_celem_svete\"><\/span>Slav\u00ed se Den matek ve stejn\u00fd den po cel\u00e9m sv\u011bt\u011b?<span class=\"ez-toc-section-end\"><\/span><\/h3>\n<div class=\"rank-math-answer \">\n\n<p>Ne, term\u00edny se v r\u016fzn\u00fdch zem\u00edch li\u0161\u00ed. Zat\u00edmco v \u010cesk\u00e9 republice a mnoha dal\u0161\u00edch zem\u00edch se dr\u017e\u00ed tradice druh\u00e9 kv\u011btnov\u00e9 ned\u011ble, nap\u0159\u00edklad ve Velk\u00e9 Brit\u00e1nii se slav\u00ed \u010dtvrtou postn\u00ed ned\u011bli a v arabsk\u00fdch zem\u00edch 21. b\u0159ezna. Ka\u017ed\u00e1 zem\u011b m\u00e1 sv\u00e9 vlastn\u00ed tradice, ale smysl v\u0161ude z\u016fst\u00e1v\u00e1 stejn\u00fd \u2013 ocenit maminky za v\u0161e, co pro n\u00e1s d\u011blaj\u00ed.<\/p>\n\n<\/div>\n<\/div>\n<\/div>\n<\/div>","protected":false},"excerpt":{"rendered":"<p>Pokud nev\u00edte, kdy se slav\u00ed Den matek,  nemus\u00edte pro odpov\u011b\u010f chodit daleko. M\u00e1me pro v\u00e1s p\u0159esn\u00e9 informace a n\u011bkolik skv\u011bl\u00fdch tip\u016f na d\u00e1rky pro maminky.<\/p>\n","protected":false},"author":8,"featured_media":62335,"comment_status":"open","ping_status":"open","sticky":false,"template":"","format":"standard","meta":{"_acf_changed":false,"_lmt_disableupdate":"","_lmt_disable":"","wprm-recipe-roundup-name":"","wprm-recipe-roundup-description":"","footnotes":""},"categories":[391],"tags":[],"class_list":["post-62317","post","type-post","status-publish","format-standard","has-post-thumbnail","hentry","category-lifestyle"],"featured_image_src":"https:\/\/oocz.wps.cz\/wp-content\/uploads\/2025\/04\/den-matek-5.jpg","author_info":{"display_name":"Monika","author_link":"https:\/\/oocz.wps.cz\/author\/monika"},"acf":[],"modified_by":"Pavl\u00edna","_links":{"self":[{"href":"https:\/\/oocz.wps.cz\/wp-json\/wp\/v2\/posts\/62317","targetHints":{"allow":["GET"]}}],"collection":[{"href":"https:\/\/oocz.wps.cz\/wp-json\/wp\/v2\/posts"}],"about":[{"href":"https:\/\/oocz.wps.cz\/wp-json\/wp\/v2\/types\/post"}],"author":[{"embeddable":true,"href":"https:\/\/oocz.wps.cz\/wp-json\/wp\/v2\/users\/8"}],"replies":[{"embeddable":true,"href":"https:\/\/oocz.wps.cz\/wp-json\/wp\/v2\/comments?post=62317"}],"version-history":[{"count":8,"href":"https:\/\/oocz.wps.cz\/wp-json\/wp\/v2\/posts\/62317\/revisions"}],"predecessor-version":[{"id":70317,"href":"https:\/\/oocz.wps.cz\/wp-json\/wp\/v2\/posts\/62317\/revisions\/70317"}],"wp:featuredmedia":[{"embeddable":true,"href":"https:\/\/oocz.wps.cz\/wp-json\/wp\/v2\/media\/62335"}],"wp:attachment":[{"href":"https:\/\/oocz.wps.cz\/wp-json\/wp\/v2\/media?parent=62317"}],"wp:term":[{"taxonomy":"category","embeddable":true,"href":"https:\/\/oocz.wps.cz\/wp-json\/wp\/v2\/categories?post=62317"},{"taxonomy":"post_tag","embeddable":true,"href":"https:\/\/oocz.wps.cz\/wp-json\/wp\/v2\/tags?post=62317"}],"curies":[{"name":"wp","href":"https:\/\/api.w.org\/{rel}","templated":true}]}}