{"id":62446,"date":"2025-05-13T21:35:33","date_gmt":"2025-05-13T19:35:33","guid":{"rendered":"https:\/\/ochutnej.top-me.eu\/?p=62446"},"modified":"2025-06-30T13:20:07","modified_gmt":"2025-06-30T11:20:07","slug":"mezinarodni-den-rodiny","status":"publish","type":"post","link":"https:\/\/oocz.wps.cz\/mezinarodni-den-rodiny","title":{"rendered":"Kdy je Mezin\u00e1rodn\u00ed den rodiny, jak se slav\u00ed a pro\u010d na n\u011bj nezapomenout?"},"content":{"rendered":"\n<p>Rodina je to nejcenn\u011bj\u0161\u00ed, co v \u017eivot\u011b m\u00e1me. Jsou to lid\u00e9, u kter\u00fdch nach\u00e1z\u00edme bezpe\u010d\u00ed, pochopen\u00ed a bezpodm\u00edne\u010dnou l\u00e1sku. No dob\u0159e, a\u017e na chv\u00edle, kdy se h\u00e1d\u00e1me, kdo dneska umyje n\u00e1dob\u00ed. M\u011bli byste v\u011bd\u011bt, \u017ee <strong>15. kv\u011btna se slav\u00ed po cel\u00e9m sv\u011bt\u011b Mezin\u00e1rodn\u00ed den rodiny.<\/strong> Jde o sv\u00e1tek, kter\u00fd n\u00e1m p\u0159ipom\u00edn\u00e1, jak moc pro n\u00e1s na\u0161i bl\u00edzc\u00ed znamenaj\u00ed. <strong>P\u0159e\u010dt\u011bte si, jak Mezin\u00e1rodn\u00ed den rodiny vznikl, pro\u010d bychom ho m\u011bli slavit a jak.<\/strong><\/p>\n\n\n\n<div id=\"ez-toc-container\" class=\"ez-toc-v2_0_82_2 counter-hierarchy ez-toc-counter ez-toc-grey ez-toc-container-direction\">\n<div class=\"ez-toc-title-container\">\n<p class=\"ez-toc-title\" style=\"cursor:inherit\">Obsah \u010dl\u00e1nku<\/p>\n<span class=\"ez-toc-title-toggle\"><a href=\"#\" class=\"ez-toc-pull-right ez-toc-btn ez-toc-btn-xs ez-toc-btn-default ez-toc-toggle\" aria-label=\"Toggle Table of Content\"><span class=\"ez-toc-js-icon-con\"><span class=\"\"><span class=\"eztoc-hide\" style=\"display:none;\">Toggle<\/span><span class=\"ez-toc-icon-toggle-span\"><svg style=\"fill: #999;color:#999\" xmlns=\"http:\/\/www.w3.org\/2000\/svg\" class=\"list-377408\" width=\"20px\" height=\"20px\" viewBox=\"0 0 24 24\" fill=\"none\"><path d=\"M6 6H4v2h2V6zm14 0H8v2h12V6zM4 11h2v2H4v-2zm16 0H8v2h12v-2zM4 16h2v2H4v-2zm16 0H8v2h12v-2z\" fill=\"currentColor\"><\/path><\/svg><svg style=\"fill: #999;color:#999\" class=\"arrow-unsorted-368013\" xmlns=\"http:\/\/www.w3.org\/2000\/svg\" width=\"10px\" height=\"10px\" viewBox=\"0 0 24 24\" version=\"1.2\" baseProfile=\"tiny\"><path d=\"M18.2 9.3l-6.2-6.3-6.2 6.3c-.2.2-.3.4-.3.7s.1.5.3.7c.2.2.4.3.7.3h11c.3 0 .5-.1.7-.3.2-.2.3-.5.3-.7s-.1-.5-.3-.7zM5.8 14.7l6.2 6.3 6.2-6.3c.2-.2.3-.5.3-.7s-.1-.5-.3-.7c-.2-.2-.4-.3-.7-.3h-11c-.3 0-.5.1-.7.3-.2.2-.3.5-.3.7s.1.5.3.7z\"\/><\/svg><\/span><\/span><\/span><\/a><\/span><\/div>\n<nav><ul class='ez-toc-list ez-toc-list-level-1 ' ><li class='ez-toc-page-1 ez-toc-heading-level-2'><a class=\"ez-toc-link ez-toc-heading-1\" href=\"https:\/\/oocz.wps.cz\/mezinarodni-den-rodiny\/#Shrnuti_pro_ty_kdo_nemaji_cas_cist_cely_clanek\" >Shrnut\u00ed pro ty, kdo nemaj\u00ed \u010das \u010d\u00edst cel\u00fd \u010dl\u00e1nek<\/a><\/li><li class='ez-toc-page-1 ez-toc-heading-level-2'><a class=\"ez-toc-link ez-toc-heading-2\" href=\"https:\/\/oocz.wps.cz\/mezinarodni-den-rodiny\/#Historie_Mezinarodniho_dne_rodiny\" >Historie Mezin\u00e1rodn\u00edho dne rodiny<\/a><ul class='ez-toc-list-level-3' ><li class='ez-toc-heading-level-3'><a class=\"ez-toc-link ez-toc-heading-3\" href=\"https:\/\/oocz.wps.cz\/mezinarodni-den-rodiny\/#Proc_se_slavi_Mezinarodni_den_rodiny_zrovna_15_kvetna\" >Pro\u010d se slav\u00ed Mezin\u00e1rodn\u00ed den rodiny zrovna 15. kv\u011btna?<\/a><\/li><\/ul><\/li><li class='ez-toc-page-1 ez-toc-heading-level-2'><a class=\"ez-toc-link ez-toc-heading-4\" href=\"https:\/\/oocz.wps.cz\/mezinarodni-den-rodiny\/#Jake_tema_nas_ceka_v_roce_2025\" >Jak\u00e9 t\u00e9ma n\u00e1s \u010dek\u00e1 v roce 2025?<\/a><\/li><li class='ez-toc-page-1 ez-toc-heading-level-2'><a class=\"ez-toc-link ez-toc-heading-5\" href=\"https:\/\/oocz.wps.cz\/mezinarodni-den-rodiny\/#Proc_slavit_Mezinarodni_den_rodiny\" >Pro\u010d slavit Mezin\u00e1rodn\u00ed den rodiny?<\/a><\/li><li class='ez-toc-page-1 ez-toc-heading-level-2'><a class=\"ez-toc-link ez-toc-heading-6\" href=\"https:\/\/oocz.wps.cz\/mezinarodni-den-rodiny\/#Jak_se_slavi_Mezinarodni_den_rodiny_v_Ceske_republice\" >Jak se slav\u00ed Mezin\u00e1rodn\u00ed den rodiny v \u010cesk\u00e9 republice?<\/a><ul class='ez-toc-list-level-3' ><li class='ez-toc-heading-level-3'><a class=\"ez-toc-link ez-toc-heading-7\" href=\"https:\/\/oocz.wps.cz\/mezinarodni-den-rodiny\/#Neziskove_organizace\" >Neziskov\u00e9 organizace<\/a><\/li><li class='ez-toc-page-1 ez-toc-heading-level-3'><a class=\"ez-toc-link ez-toc-heading-8\" href=\"https:\/\/oocz.wps.cz\/mezinarodni-den-rodiny\/#Mesta_a_obce\" >M\u011bsta a obce<\/a><\/li><li class='ez-toc-page-1 ez-toc-heading-level-3'><a class=\"ez-toc-link ez-toc-heading-9\" href=\"https:\/\/oocz.wps.cz\/mezinarodni-den-rodiny\/#Skoly_a_vzdelavaci_instituce\" >\u0160koly a vzd\u011bl\u00e1vac\u00ed instituce<\/a><\/li><\/ul><\/li><li class='ez-toc-page-1 ez-toc-heading-level-2'><a class=\"ez-toc-link ez-toc-heading-10\" href=\"https:\/\/oocz.wps.cz\/mezinarodni-den-rodiny\/#Tipy_jak_oslavit_mezinarodni_den_rodiny_v_roce_2025\" >Tipy, jak oslavit mezin\u00e1rodn\u00ed den rodiny v roce 2025<\/a><ul class='ez-toc-list-level-3' ><li class='ez-toc-heading-level-3'><a class=\"ez-toc-link ez-toc-heading-11\" href=\"https:\/\/oocz.wps.cz\/mezinarodni-den-rodiny\/#Spolecne_aktivity\" >Spole\u010dn\u00e9 aktivity<\/a><\/li><li class='ez-toc-page-1 ez-toc-heading-level-3'><a class=\"ez-toc-link ez-toc-heading-12\" href=\"https:\/\/oocz.wps.cz\/mezinarodni-den-rodiny\/#Vylety_a_zazitky\" >V\u00fdlety a z\u00e1\u017eitky<\/a><\/li><li class='ez-toc-page-1 ez-toc-heading-level-3'><a class=\"ez-toc-link ez-toc-heading-13\" href=\"https:\/\/oocz.wps.cz\/mezinarodni-den-rodiny\/#Darky_s_pribehem\" >D\u00e1rky s p\u0159\u00edb\u011bhem<\/a><\/li><li class='ez-toc-page-1 ez-toc-heading-level-3'><a class=\"ez-toc-link ez-toc-heading-14\" href=\"https:\/\/oocz.wps.cz\/mezinarodni-den-rodiny\/#Pro_nejuzasnejsi_rodinu_na_svete\" >Pro nej\u00fa\u017easn\u011bj\u0161\u00ed rodinu na sv\u011bt\u011b<\/a><\/li><li class='ez-toc-page-1 ez-toc-heading-level-3'><a class=\"ez-toc-link ez-toc-heading-15\" href=\"https:\/\/oocz.wps.cz\/mezinarodni-den-rodiny\/#Pro_nejuzasnejsi_Maminku\" >Pro nej\u00fa\u017easn\u011bj\u0161\u00ed Maminku<\/a><\/li><li class='ez-toc-page-1 ez-toc-heading-level-3'><a class=\"ez-toc-link ez-toc-heading-16\" href=\"https:\/\/oocz.wps.cz\/mezinarodni-den-rodiny\/#Pro_nejlepsiho_Tatinka\" >Pro nejlep\u0161\u00edho Tat\u00ednka<\/a><\/li><\/ul><\/li><li class='ez-toc-page-1 ez-toc-heading-level-2'><a class=\"ez-toc-link ez-toc-heading-17\" href=\"https:\/\/oocz.wps.cz\/mezinarodni-den-rodiny\/#Casto_kladene_dotazy\" >\u010casto kladen\u00e9 dotazy<\/a><ul class='ez-toc-list-level-3' ><li class='ez-toc-heading-level-3'><a class=\"ez-toc-link ez-toc-heading-18\" href=\"https:\/\/oocz.wps.cz\/mezinarodni-den-rodiny\/#Proc_se_slavi_Den_rodiny\" >Pro\u010d se slav\u00ed Den rodiny?<\/a><\/li><li class='ez-toc-page-1 ez-toc-heading-level-3'><a class=\"ez-toc-link ez-toc-heading-19\" href=\"https:\/\/oocz.wps.cz\/mezinarodni-den-rodiny\/#Kdy_je_svatek_rodiny\" >Kdy je sv\u00e1tek rodiny?<\/a><\/li><li class='ez-toc-page-1 ez-toc-heading-level-3'><a class=\"ez-toc-link ez-toc-heading-20\" href=\"https:\/\/oocz.wps.cz\/mezinarodni-den-rodiny\/#Kdy_je_Den_rodicu\" >Kdy je Den rodi\u010d\u016f?<\/a><\/li><li class='ez-toc-page-1 ez-toc-heading-level-3'><a class=\"ez-toc-link ez-toc-heading-21\" href=\"https:\/\/oocz.wps.cz\/mezinarodni-den-rodiny\/#Proc_je_15_kvetna_vyznamny_den\" >Pro\u010d je 15. kv\u011btna v\u00fdznamn\u00fd den?<\/a><\/li><\/ul><\/li><li class='ez-toc-page-1 ez-toc-heading-level-2'><a class=\"ez-toc-link ez-toc-heading-22\" href=\"https:\/\/oocz.wps.cz\/mezinarodni-den-rodiny\/#Zdroje\" >Zdroje<\/a><\/li><\/ul><\/nav><\/div>\n<h2 class=\"wp-block-heading\"><span class=\"ez-toc-section\" id=\"Shrnuti_pro_ty_kdo_nemaji_cas_cist_cely_clanek\"><\/span>Shrnut\u00ed pro ty, kdo nemaj\u00ed \u010das \u010d\u00edst cel\u00fd \u010dl\u00e1nek<span class=\"ez-toc-section-end\"><\/span><\/h2>\n\n\n\n<ul class=\"wp-block-list\">\n<li><strong>Mezin\u00e1rodn\u00ed den rodiny p\u0159ipad\u00e1 na 15. kv\u011btna.<\/strong><\/li>\n\n\n\n<li><strong>OSN letos klade d\u016fraz na rodinnou pohodu <\/strong>v kontextu udr\u017eiteln\u00e9ho rozvoje a mezigenera\u010dn\u00ed solidarity.<\/li>\n\n\n\n<li><strong>V \u010cesk\u00e9 republice <\/strong>m\u00e1me tento den v kalend\u00e1\u0159i ozna\u010den\u00fd jako v\u00fdznamn\u00fd<strong> od roku 2006<\/strong>.<\/li>\n\n\n\n<li><strong>Nejlep\u0161\u00edm zp\u016fsobem, jak Mezin\u00e1rodn\u00ed den oslavit, je b\u00fdt spolu, <\/strong>a\u0165 u\u017e na pikniku v p\u0159\u00edrod\u011b, p\u0159i hran\u00ed deskovek nebo u va\u0159en\u00ed obl\u00edben\u00e9ho <strong><a href=\"https:\/\/www.ochutnejorech.cz\/blog\/recepty\" data-type=\"link\" data-id=\"https:\/\/www.ochutnejorech.cz\/blog\/recepty\" target=\"_blank\" rel=\"noreferrer noopener\">rodinn\u00e9ho receptu.<\/a><\/strong><\/li>\n\n\n\n<li>Sh\u00e1n\u00edte origin\u00e1ln\u00ed d\u00e1rek?<strong> Pot\u011b\u0161te sv\u00e9 bl\u00edzk\u00e9 speci\u00e1ln\u00edm mixem o\u0159ech\u016f <a href=\"https:\/\/www.ochutnejorech.cz\/produkt\/mix-pro-nejuzasnejsi-rodinu-na-svete?varianta=1-kg\" target=\"_blank\" data-type=\"link\" data-id=\"https:\/\/www.ochutnejorech.cz\/produkt\/mix-pro-nejuzasnejsi-rodinu-na-svete?varianta=1-kg\" rel=\"noreferrer noopener\">Pro nej\u00fa\u017easn\u011bj\u0161\u00ed rodinu na sv\u011bt\u011b,<\/a><\/strong> kter\u00fd si vychutnaj\u00ed v\u0161ichni od nejmen\u0161\u00edch po nejstar\u0161\u00ed.<\/li>\n<\/ul>\n\n\n\n<h2 class=\"wp-block-heading\"><span class=\"ez-toc-section\" id=\"Historie_Mezinarodniho_dne_rodiny\"><\/span>Historie Mezin\u00e1rodn\u00edho dne rodiny<span class=\"ez-toc-section-end\"><\/span><\/h2>\n\n\n\n<p>V roce 1994 vyhl\u00e1sila Organizace spojen\u00fdch n\u00e1rod\u016f na z\u00e1klad\u011b <strong>rezoluce \u010d. 47\/237 Mezin\u00e1rodn\u00ed den rodiny.<\/strong> Stanoven\u00edm 15. kv\u011btna cht\u011bla upozornit na z\u00e1sadn\u00ed, ale \u010dasto p\u0159ehl\u00ed\u017eenou<strong> roli rodiny jako m\u00edsta, kde se formuj\u00ed hodnoty a vztahy. <\/strong><\/p>\n\n\n\n<p><strong>Mohlo by v\u00e1s zaj\u00edmat: <a href=\"https:\/\/www.ochutnejorech.cz\/blog\/kdy-je-mezinarodni-den-deti\" target=\"_blank\" rel=\"noopener\">Kdy je Mezin\u00e1rodn\u00ed den d\u011bt\u00ed a jak\u00e1 je jeho historie?<\/a><\/strong><\/p>\n\n\n\n<h3 class=\"wp-block-heading\"><span class=\"ez-toc-section\" id=\"Proc_se_slavi_Mezinarodni_den_rodiny_zrovna_15_kvetna\"><\/span>Pro\u010d se slav\u00ed Mezin\u00e1rodn\u00ed den rodiny zrovna 15. kv\u011btna?<span class=\"ez-toc-section-end\"><\/span><\/h3>\n\n\n\n<p>Nen\u00ed to \u017e\u00e1dn\u00e1 n\u00e1hoda! <strong>OSN zvolila datum 15. kv\u011btna z jednoho prost\u00e9ho d\u016fvodu. Je to den uprost\u0159ed m\u011bs\u00edce, co\u017e symbolizuje \u00fast\u0159edn\u00ed roli rodiny v na\u0161ich \u017eivotech.<\/strong> Stejn\u011b jako je 15. den p\u0159esn\u011b uprost\u0159ed m\u011bs\u00edce, tak i rodina je st\u0159edobodem, kolem kter\u00e9ho se to\u010d\u00ed n\u00e1\u0161 \u017eivot. Nav\u00edc jaro jako ro\u010dn\u00ed obdob\u00ed p\u0159edstavuje nov\u00fd za\u010d\u00e1tek, r\u016fst a nad\u011bji a v\u0161echny tyto hodnoty si obvykle spojujeme i s rodinou.<\/p>\n\n\n\n<figure class=\"wp-block-image size-full\"><img decoding=\"async\" width=\"1200\" height=\"630\" src=\"https:\/\/oocz.wps.cz\/wp-content\/uploads\/2025\/05\/15-kvetna-vyznamny-den.jpg\" alt=\"Pro\u010d se slav\u00ed mezin\u00e1rodn\u00ed den rodiny zrovna 15. kv\u011btna?\" class=\"wp-image-62450\" srcset=\"https:\/\/oocz.wps.cz\/wp-content\/uploads\/2025\/05\/15-kvetna-vyznamny-den.jpg 1200w, https:\/\/oocz.wps.cz\/wp-content\/uploads\/2025\/05\/15-kvetna-vyznamny-den-300x158.jpg 300w, https:\/\/oocz.wps.cz\/wp-content\/uploads\/2025\/05\/15-kvetna-vyznamny-den-700x368.jpg 700w, https:\/\/oocz.wps.cz\/wp-content\/uploads\/2025\/05\/15-kvetna-vyznamny-den-768x403.jpg 768w, https:\/\/oocz.wps.cz\/wp-content\/uploads\/2025\/05\/15-kvetna-vyznamny-den-800x420.jpg 800w\" sizes=\"(max-width: 1200px) 100vw, 1200px\" \/><\/figure>\n\n\n\n<p><strong>V \u010cesk\u00e9 republice se tento sv\u00e1tek za\u0159adil mezi v\u00fdznamn\u00e9 dny a\u017e v roce 2006.<\/strong> Stalo se tak d\u00edky z\u00e1konu \u010d. 129\/2006 Sb. <strong>Zaj\u00edmavost\u00ed je, \u017ee v \u010desk\u00e9m pr\u00e1vn\u00edm \u0159\u00e1du se tento sv\u00e1tek naz\u00fdv\u00e1 Den rodin (v mno\u017en\u00e9m \u010d\u00edsle).<\/strong> Mno\u017en\u00e9 \u010d\u00edslo kr\u00e1sn\u011b vystihuje, jak rozmanit\u00e9 mohou dne\u0161n\u00ed rodiny b\u00fdt.<\/p>\n\n\n\n<h2 class=\"wp-block-heading\"><span class=\"ez-toc-section\" id=\"Jake_tema_nas_ceka_v_roce_2025\"><\/span>Jak\u00e9 t\u00e9ma n\u00e1s \u010dek\u00e1 v roce 2025?<span class=\"ez-toc-section-end\"><\/span><\/h2>\n\n\n\n<p><strong>Pro rok 2025 vybrala OSN jako hlavn\u00ed t\u00e9ma oslav Mezin\u00e1rodn\u00edho dne rodiny \u201eRodinn\u011b orientovan\u00e9 politiky pro udr\u017eiteln\u00fd rozvoj\u201d.<\/strong> Zn\u00ed to slo\u017eit\u011b? Ve skute\u010dnosti jde o jednoduchou my\u0161lenku: kdy\u017e se da\u0159\u00ed rodin\u00e1m, da\u0159\u00ed se cel\u00e9 spole\u010dnosti.<\/p>\n\n\n\n<p>OSN se zam\u011b\u0159uje zejm\u00e9na na t\u0159i d\u016fle\u017eit\u00e9 oblasti:<\/p>\n\n\n\n<ul class=\"wp-block-list\">\n<li><strong>Rovnov\u00e1hu mezi pracovn\u00edm a rodinn\u00fdm \u017eivotem<\/strong>.<\/li>\n\n\n\n<li><strong>Mezigenera\u010dn\u00ed solidaritu<\/strong> jako cestu k lep\u0161\u00edmu sou\u017eit\u00ed mlad\u00fdch i star\u00fdch.<\/li>\n\n\n\n<li><strong>Za\u010dlen\u011bn\u00ed rodinn\u00e9 politiky<\/strong> p\u0159i tvorb\u011b v\u0161ech d\u016fle\u017eit\u00fdch rozhodnut\u00ed, kter\u00e1 ovliv\u0148uj\u00ed ka\u017edodenn\u00ed \u017eivot \u2013 od z\u00e1kon\u016f po ve\u0159ejn\u00e9 slu\u017eby.<\/li>\n<\/ul>\n\n\n\n<h2 class=\"wp-block-heading\"><span class=\"ez-toc-section\" id=\"Proc_slavit_Mezinarodni_den_rodiny\"><\/span>Pro\u010d slavit Mezin\u00e1rodn\u00ed den rodiny?<span class=\"ez-toc-section-end\"><\/span><\/h2>\n\n\n\n<p>V dob\u011b, kdy tradi\u010dn\u00ed pojet\u00ed rodiny proch\u00e1z\u00ed v\u00fdrazn\u00fdmi zm\u011bnami a existuje mnoho r\u016fzn\u00fdch forem rodinn\u00e9ho sou\u017eit\u00ed, si m\u016f\u017eete \u0159\u00edkat: \u201eM\u00e1 v\u016fbec smysl Mezin\u00e1rodn\u00ed den rodiny je\u0161t\u011b slavit?\u201d Na\u0161e odpov\u011b\u010f zn\u00ed:<strong> \u201eV\u00edc ne\u017e kdy jindy!\u201d<\/strong> Pr\u00e1v\u011b proto, \u017ee jsou dne\u0161n\u00ed rodiny tak rozmanit\u00e9, bychom si m\u011bli jejich v\u00fdznam alespo\u0148 jeden den v roce p\u0159ipomenout.<\/p>\n\n\n\n<p><strong>Rodina pln\u00ed funkce, kter\u00e9 zkr\u00e1tka nejde ni\u010d\u00edm nahradit:<\/strong><\/p>\n\n\n\n<ul class=\"wp-block-list\">\n<li>Poskytuje n\u00e1m emocion\u00e1ln\u00ed stabilitu a pocit bezpe\u010d\u00ed.<\/li>\n\n\n\n<li>Je na\u0161\u00ed prvn\u00ed \u0161kolou \u017eivota, kde se u\u010d\u00edme hodnot\u00e1m a mezilidsk\u00fdm vztah\u016fm.<\/li>\n\n\n\n<li>Poskytuje n\u00e1m ekonomick\u00e9 z\u00e1zem\u00ed, kdy\u017e se neda\u0159\u00ed.<\/li>\n\n\n\n<li>Pe\u010duje o ty nejzraniteln\u011bj\u0161\u00ed (d\u011bti, seniory nebo lidi s handicapem).<\/li>\n\n\n\n<li>Vytv\u00e1\u0159\u00ed prostor pro mezigenera\u010dn\u00ed dialog a p\u0159ed\u00e1v\u00e1n\u00ed zku\u0161enost\u00ed.<\/li>\n<\/ul>\n\n\n\n<figure class=\"wp-block-image size-full\"><img decoding=\"async\" width=\"1200\" height=\"630\" src=\"https:\/\/oocz.wps.cz\/wp-content\/uploads\/2025\/05\/proc-se-slavi-den-rodiny-1.jpg\" alt=\"Pro\u010d slavit mezin\u00e1rodn\u00ed den rodiny? Rodina pln\u00ed funkce, kter\u00e9 zkr\u00e1tka nejde ni\u010d\u00edm nahradit.\" class=\"wp-image-62451\" srcset=\"https:\/\/oocz.wps.cz\/wp-content\/uploads\/2025\/05\/proc-se-slavi-den-rodiny-1.jpg 1200w, https:\/\/oocz.wps.cz\/wp-content\/uploads\/2025\/05\/proc-se-slavi-den-rodiny-1-300x158.jpg 300w, https:\/\/oocz.wps.cz\/wp-content\/uploads\/2025\/05\/proc-se-slavi-den-rodiny-1-700x368.jpg 700w, https:\/\/oocz.wps.cz\/wp-content\/uploads\/2025\/05\/proc-se-slavi-den-rodiny-1-768x403.jpg 768w, https:\/\/oocz.wps.cz\/wp-content\/uploads\/2025\/05\/proc-se-slavi-den-rodiny-1-800x420.jpg 800w\" sizes=\"(max-width: 1200px) 100vw, 1200px\" \/><\/figure>\n\n\n\n<h2 class=\"wp-block-heading\"><span class=\"ez-toc-section\" id=\"Jak_se_slavi_Mezinarodni_den_rodiny_v_Ceske_republice\"><\/span>Jak se slav\u00ed Mezin\u00e1rodn\u00ed den rodiny v \u010cesk\u00e9 republice?<span class=\"ez-toc-section-end\"><\/span><\/h2>\n\n\n\n<p>V \u010cesk\u00e9 republice sice Mezin\u00e1rodn\u00ed den rodiny nem\u00e1 tak dlouhou historii jako v n\u011bkter\u00fdch jin\u00fdch zem\u00edch, ale to neznamen\u00e1, \u017ee mu nev\u011bnujeme dostatek pozornosti.<\/p>\n\n\n\n<h3 class=\"wp-block-heading\"><span class=\"ez-toc-section\" id=\"Neziskove_organizace\"><\/span>Neziskov\u00e9 organizace<span class=\"ez-toc-section-end\"><\/span><\/h3>\n\n\n\n<p>\u0158ada neziskov\u00fdch organizac\u00ed po\u0159\u00e1d\u00e1 k Mezin\u00e1rodn\u00edmu dni rodiny nejr\u016fzn\u011bj\u0161\u00ed akce, nap\u0159. vzd\u011bl\u00e1vac\u00ed semin\u00e1\u0159e, rodinn\u00e9 pikniky a sportovn\u00ed aktivity.<strong> Organizace \u010dasto spojuj\u00ed oslavy s osv\u011btou v oblastech, jako je podpora rodi\u010dovstv\u00ed, mezigenera\u010dn\u00ed dialog nebo pomoc rodin\u00e1m v t\u00ed\u017eiv\u00e9 situaci.<\/strong><\/p>\n\n\n\n<h3 class=\"wp-block-heading\"><span class=\"ez-toc-section\" id=\"Mesta_a_obce\"><\/span>M\u011bsta a obce<span class=\"ez-toc-section-end\"><\/span><\/h3>\n\n\n\n<p>Mnoho m\u011bst a obc\u00ed vyu\u017e\u00edv\u00e1 Mezin\u00e1rodn\u00ed den rodiny k po\u0159\u00e1d\u00e1n\u00ed komunitn\u00edch akc\u00ed. Tyto ud\u00e1losti posiluj\u00ed soudr\u017enost m\u00edstn\u00edch a vytv\u00e1\u0159ej\u00ed prostor pro setk\u00e1v\u00e1n\u00ed rodin. A\u0165 u\u017e jde o <strong>rodinn\u00e9 festivaly, trhy nebo kulturn\u00ed p\u0159edstaven\u00ed s rodinnou tematikou,<\/strong> v\u017edy je c\u00edlem p\u0159ipomenout, \u017ee rodina je z\u00e1klad.<\/p>\n\n\n\n<h3 class=\"wp-block-heading\"><span class=\"ez-toc-section\" id=\"Skoly_a_vzdelavaci_instituce\"><\/span>\u0160koly a vzd\u011bl\u00e1vac\u00ed instituce<span class=\"ez-toc-section-end\"><\/span><\/h3>\n\n\n\n<p>\u0160koly a vzd\u011bl\u00e1vac\u00ed instituce nez\u016fst\u00e1vaj\u00ed pozadu a za\u0159azuj\u00ed Mezin\u00e1rodn\u00ed den rodiny do sv\u00e9ho programu. D\u011bti a studenti se u\u010d\u00ed o r\u016fzn\u00fdch modelech rodin, o pr\u00e1vech d\u011bt\u00ed a o tom, jak funguje rodinn\u00e1 politika v r\u016fzn\u00fdch zem\u00edch. <strong>N\u011bkter\u00e9 \u0161koly po\u0159\u00e1daj\u00ed projektov\u00e9 dny nebo zvou rodi\u010de, aby se zapojili do \u0161koln\u00edch aktivit. <\/strong><\/p>\n\n\n\n<p><strong>TIP: Co takhle si ud\u011blat radost? Vyzkou\u0161ejte na\u0161e lahodn\u00e9 <a href=\"https:\/\/www.ochutnejorech.cz\/produkt\/mandle-se-skorici-v-mlecne-cokolade\" target=\"_blank\" rel=\"noreferrer noopener\">mandle v \u010dokol\u00e1d\u011b se sko\u0159ic\u00ed<\/a>,<a href=\"https:\/\/www.ochutnejorech.cz\/produkt\/lyofilizovane-maliny-mrazem-susene?varianta=30-g\" target=\"_blank\" rel=\"noreferrer noopener\"> lyofilizovan\u00e9 maliny<\/a> nebo si po\u0159i\u010fte<a href=\"https:\/\/www.ochutnejorech.cz\/produkt\/mandle-jadra-loupana-23-25-velka?varianta=1-kg\" target=\"_blank\" rel=\"noreferrer noopener\"> mandle loupan\u00e9 1 kg <\/a>a n\u011bco dobr\u00e9ho si upe\u010dte.<\/strong><\/p>\n\n\n\n<figure class=\"wp-block-image size-full\"><img decoding=\"async\" width=\"1200\" height=\"630\" src=\"https:\/\/oocz.wps.cz\/wp-content\/uploads\/2025\/05\/jak-se-slavi-mezinarodni-den-rodiny.jpg\" alt=\"\u0160koly a vzd\u011bl\u00e1vac\u00ed instituce nez\u016fst\u00e1vaj\u00ed pozadu a za\u0159azuj\u00ed mezin\u00e1rodn\u00ed den rodiny do sv\u00e9ho programu. \" class=\"wp-image-62452\" srcset=\"https:\/\/oocz.wps.cz\/wp-content\/uploads\/2025\/05\/jak-se-slavi-mezinarodni-den-rodiny.jpg 1200w, https:\/\/oocz.wps.cz\/wp-content\/uploads\/2025\/05\/jak-se-slavi-mezinarodni-den-rodiny-300x158.jpg 300w, https:\/\/oocz.wps.cz\/wp-content\/uploads\/2025\/05\/jak-se-slavi-mezinarodni-den-rodiny-700x368.jpg 700w, https:\/\/oocz.wps.cz\/wp-content\/uploads\/2025\/05\/jak-se-slavi-mezinarodni-den-rodiny-768x403.jpg 768w, https:\/\/oocz.wps.cz\/wp-content\/uploads\/2025\/05\/jak-se-slavi-mezinarodni-den-rodiny-800x420.jpg 800w\" sizes=\"(max-width: 1200px) 100vw, 1200px\" \/><\/figure>\n\n\n\n<h2 class=\"wp-block-heading\"><span class=\"ez-toc-section\" id=\"Tipy_jak_oslavit_mezinarodni_den_rodiny_v_roce_2025\"><\/span>Tipy, jak oslavit mezin\u00e1rodn\u00ed den rodiny v roce 2025<span class=\"ez-toc-section-end\"><\/span><\/h2>\n\n\n\n<p><strong>Mezin\u00e1rodn\u00ed den rodiny je p\u0159edev\u0161\u00edm p\u0159\u00edle\u017eitost\u00ed b\u00fdt s t\u011bmi, kter\u00e9 m\u00e1me r\u00e1di.<\/strong> Jak ho m\u016f\u017eeme oslavit tak, aby na n\u011bj v\u0161ichni r\u00e1di vzpom\u00ednali?<\/p>\n\n\n\n<h3 class=\"wp-block-heading\"><span class=\"ez-toc-section\" id=\"Spolecne_aktivity\"><\/span>Spole\u010dn\u00e9 aktivity<span class=\"ez-toc-section-end\"><\/span><\/h3>\n\n\n\n<p>Nejlep\u0161\u00edm zp\u016fsobem, jak oslavit mezin\u00e1rodn\u00ed den rodiny, je v\u011bnovat sv\u016fj \u010das a pozornost sv\u00fdm bl\u00edzk\u00fdm. Tady je n\u011bkolik tip\u016f na spole\u010dn\u00e9 aktivity:<\/p>\n\n\n\n<ul class=\"wp-block-list\">\n<li><strong>Uspo\u0159\u00e1dejte rodinn\u00fd piknik v p\u0159\u00edrod\u011b<\/strong> \u2013 Sta\u010d\u00ed deka, ko\u0161 s dobrotami, zelen\u00e1 louka, a m\u00e1te dokonal\u00fd prostor pro rodinnou pohodu.<\/li>\n\n\n\n<li><strong>Zorganizujte rodinn\u00fd turnaj<\/strong> \u2013 A\u0165 u\u017e milujete \u010clov\u011b\u010de, nezlob se, karty nebo modern\u00ed deskov\u00e9 hry uspo\u0159\u00e1dejte si turnaj.<\/li>\n\n\n\n<li><strong>Vytvo\u0159te spole\u010dn\u011b rodinn\u00fd strom<\/strong> \u2013 Prozkoumejte sv\u00e9 ko\u0159eny a vytvo\u0159te vizu\u00e1ln\u00ed podobu va\u0161eho rodokmenu.<\/li>\n\n\n\n<li><strong>Uva\u0159te spolu <a href=\"https:\/\/www.ochutnejorech.cz\/blog\/recepty\/vecere\" data-type=\"link\" data-id=\"https:\/\/www.ochutnejorech.cz\/blog\/recepty\/vecere\" target=\"_blank\" rel=\"noreferrer noopener\">rodinnou ve\u010de\u0159i<\/a><\/strong> \u2013 Zapojte v\u0161echny, mal\u00e9 i velk\u00e9, a opra\u0161te t\u0159eba star\u00e9 rodinn\u00e9 recepty.<\/li>\n\n\n\n<li><strong>Uspo\u0159\u00e1dejte ve\u010der s rodinn\u00fdmi fotografiemi <\/strong>\u2013 Prohl\u00e9dn\u011bte si star\u00e9 sn\u00edmky a pod\u011blte se o p\u0159\u00edb\u011bhy, kter\u00e9 se k nim v\u00e1\u017eou.<\/li>\n<\/ul>\n\n\n\n<h3 class=\"wp-block-heading\"><span class=\"ez-toc-section\" id=\"Vylety_a_zazitky\"><\/span>V\u00fdlety a z\u00e1\u017eitky<span class=\"ez-toc-section-end\"><\/span><\/h3>\n\n\n\n<p>Mezin\u00e1rodn\u00ed den rodiny je skv\u011blou p\u0159\u00edle\u017eitost\u00ed vytvo\u0159it si spole\u010dn\u00e9 vzpom\u00ednky na n\u011bjak\u00fd v\u00fdlet:<\/p>\n\n\n\n<ul class=\"wp-block-list\">\n<li><strong>Nav\u0161tivte m\u00edsto, kter\u00e9 m\u00e1 pro va\u0161i rodinu zvl\u00e1\u0161tn\u00ed v\u00fdznam<\/strong> \u2013 Mo\u017en\u00e1 je to m\u00edsto, kde jste vyr\u016fstali, kde se sezn\u00e1mili va\u0161i rodi\u010de, nebo kde jste pro\u017eili kr\u00e1snou dovolenou.<\/li>\n\n\n\n<li><strong>Vydejte se na v\u00fdlet do p\u0159\u00edrody<\/strong> \u2013 Turistika, cyklov\u00fdlet nebo jen proch\u00e1zka lesem dok\u00e1\u017ee rodinu par\u00e1dn\u011b stmelit.<\/li>\n\n\n\n<li><strong>Nav\u0161tivte kulturn\u00ed pam\u00e1tku nebo muzeum<\/strong> \u2013 Mnoho t\u011bchto instituc\u00ed d\u011bl\u00e1 speci\u00e1ln\u00ed rodinn\u00e9 programy.<\/li>\n\n\n\n<li><strong>Vyzkou\u0161ejte <strong>spole\u010dn\u011b<\/strong> n\u011bco nov\u00e9ho<\/strong> \u2013 M\u016f\u017ee to b\u00fdt nov\u00fd sport nebo t\u0159eba \u0159emeslo.<\/li>\n<\/ul>\n\n\n\n<figure class=\"wp-block-image size-full\"><img decoding=\"async\" width=\"1200\" height=\"630\" src=\"https:\/\/oocz.wps.cz\/wp-content\/uploads\/2025\/05\/jak-oslavit-mezinarodni-den-rodiny-2025.jpg\" alt=\"Mezin\u00e1rodn\u00ed den rodiny je skv\u011blou p\u0159\u00edle\u017eitost\u00ed vytvo\u0159it si spole\u010dn\u00e9 vzpom\u00ednky na n\u011bjak\u00fd v\u00fdlet.\" class=\"wp-image-62453\" srcset=\"https:\/\/oocz.wps.cz\/wp-content\/uploads\/2025\/05\/jak-oslavit-mezinarodni-den-rodiny-2025.jpg 1200w, https:\/\/oocz.wps.cz\/wp-content\/uploads\/2025\/05\/jak-oslavit-mezinarodni-den-rodiny-2025-300x158.jpg 300w, https:\/\/oocz.wps.cz\/wp-content\/uploads\/2025\/05\/jak-oslavit-mezinarodni-den-rodiny-2025-700x368.jpg 700w, https:\/\/oocz.wps.cz\/wp-content\/uploads\/2025\/05\/jak-oslavit-mezinarodni-den-rodiny-2025-768x403.jpg 768w, https:\/\/oocz.wps.cz\/wp-content\/uploads\/2025\/05\/jak-oslavit-mezinarodni-den-rodiny-2025-800x420.jpg 800w\" sizes=\"(max-width: 1200px) 100vw, 1200px\" \/><\/figure>\n\n\n\n<h3 class=\"wp-block-heading\"><span class=\"ez-toc-section\" id=\"Darky_s_pribehem\"><\/span>D\u00e1rky s p\u0159\u00edb\u011bhem<span class=\"ez-toc-section-end\"><\/span><\/h3>\n\n\n\n<p>I kdy\u017e Mezin\u00e1rodn\u00ed den rodiny nen\u00ed prim\u00e1rn\u011b o d\u00e1rc\u00edch, malou pozornost nikdo jist\u011b neodm\u00edtne. Co takhle:<\/p>\n\n\n\n<ul class=\"wp-block-list\">\n<li><strong>Vytvo\u0159it rodinn\u00e9 album nebo fotoknihu <\/strong>\u2013 Shrom\u00e1\u017ed\u011bte vzpom\u00ednky z uplynul\u00e9ho roku do kr\u00e1sn\u00e9 knihy.<\/li>\n\n\n\n<li><strong>Po\u0159\u00eddit poukaz na spole\u010dn\u00fd z\u00e1\u017eitek<\/strong> \u2013 Darujte si \u010das, kter\u00fd str\u00e1v\u00edte v\u0161ichni spolu.<\/li>\n\n\n\n<li><strong>Zobat <a href=\"https:\/\/www.ochutnejorech.cz\/produkt\/mix-pro-nejuzasnejsi-rodinu-na-svete?varianta=1-kg\" target=\"_blank\" data-type=\"link\" data-id=\"https:\/\/www.ochutnejorech.cz\/produkt\/mix-pro-nejuzasnejsi-rodinu-na-svete?varianta=1-kg\" rel=\"noreferrer noopener\">Mix Pro nej\u00fa\u017easn\u011bj\u0161\u00ed rodinu na sv\u011bt\u011b<\/a><\/strong> \u2013 Jde o speci\u00e1ln\u011b sestaven\u00fd mix o\u0159ech\u016f, kter\u00fd kombinuje r\u016fzn\u00e9 chut\u011b, aby zachutnal v\u0161em \u010dlen\u016fm rodiny.<\/li>\n<\/ul>\n\n\n\n<p>Kdy\u017e u\u017e jsme u t\u011bch jedl\u00fdch d\u00e1rk\u016f, m\u00e1me p\u00e1r dal\u0161\u00edch tip\u016f. <strong>Pro milovn\u00edky filmov\u00fdch ve\u010der\u016f je naprost\u00e1 pecka <a href=\"https:\/\/www.ochutnejorech.cz\/produkt\/mix-k-televizi?varianta=1-kg\" data-type=\"link\" data-id=\"https:\/\/www.ochutnejorech.cz\/produkt\/mix-k-televizi?varianta=1-kg\" target=\"_blank\" rel=\"noopener\">Mix o\u0159ech\u016f k televizi. <\/a><\/strong>Obsahuje malinov\u00e9 ke\u0161u v b\u00edl\u00e9 \u010dokol\u00e1d\u011b, solen\u00e9 ke\u0161u, solen\u00e9 mandle, cel\u00e9 brusinky a mandle s karamelem a sko\u0159ic\u00ed.<strong> Mo\u017en\u00e1 se v\u00e1m bude ale hodit i mix<\/strong> <strong><a href=\"https:\/\/www.ochutnejorech.cz\/produkt\/mix-pro-nejuzasnejsi-maminku-na-svete?varianta=1-kg\" target=\"_blank\" data-type=\"link\" data-id=\"https:\/\/www.ochutnejorech.cz\/produkt\/mix-pro-nejuzasnejsi-maminku-na-svete?varianta=1-kg\" rel=\"noreferrer noopener\">Pro nej\u00fa\u017easn\u011bj\u0161\u00ed Maminku na sv\u011bt\u011b<\/a><\/strong> <strong>a<\/strong> <strong><a href=\"https:\/\/www.ochutnejorech.cz\/produkt\/pro-nejlepsiho-tatinka-na-svete?varianta=1-kg\" target=\"_blank\" data-type=\"link\" data-id=\"https:\/\/www.ochutnejorech.cz\/produkt\/pro-nejlepsiho-tatinka-na-svete?varianta=1-kg\" rel=\"noreferrer noopener\">Pro nejlep\u0161\u00edho Tat\u00ednka na sv\u011bt\u011b.<\/a><\/strong><\/p>\n\n\n\n<div class=\"product-grid\">\n\n        <div class=\"product-card\"\n             data-product-id=\"B06-05-0009-01\"\n             data-product-category=\"D\u00e1rky | D\u00e1rky podle typu | D\u00e1rkov\u00e9 bal\u00ed\u010dky\"\n             data-variant-id=\"_000000A04\"\n             data-product-price-with-vat=\"399\"\n             data-product-price-without-vat=\"339.15\"\n             data-product-url=\"https:\/\/www.ochutnejorech.cz\/produkt\/mix-pro-nejuzasnejsi-rodinu-na-svete?varianta=1-kg\"\n             data-product-deliver-availability=\"0\"\n             data-product-currency=\"CZK\"\n             data-product-variant-name=\"1 kg\">\n\n            <div class=\"product-card-inner-wrapper\">\n\n                                <div class=\"product-title-section\">\n                    <a href=\"https:\/\/www.ochutnejorech.cz\/produkt\/mix-pro-nejuzasnejsi-rodinu-na-svete?varianta=1-kg\" target=\"_blank\" rel=\"noopener\">\n                        <div class=\"product-image-wrapper\">\n                            <img decoding=\"async\" class=\"product-image\" src=\"https:\/\/cdn.ochutnejorech.cz\/cdn-cgi\/image\/w=225\/images\/cm8svg9w24fl1jm02onnd9qeb\/Obal_mockup_Rodina.webp\" alt=\"Mix Pro nej\u00fa\u017easn\u011bj\u0161\u00ed rodinu na sv\u011bt\u011b\">\n                        <\/div>\n\n                        <h3 class=\"product-title\"><span class=\"ez-toc-section\" id=\"Pro_nejuzasnejsi_rodinu_na_svete\"><\/span>Pro nej\u00fa\u017easn\u011bj\u0161\u00ed rodinu na sv\u011bt\u011b<span class=\"ez-toc-section-end\"><\/span><\/h3>\n                    <\/a>\n                <\/div>\n                \n                <div class=\"product-info-wrapper\">\n                    <span class=\"product-shipping\">Skladem<\/span>\n                                                            <span class=\"product-pricesss\">399 K\u010d<\/span>\n                                                    <\/div>\n                    <span class=\"product-description\">Vyj\u00e1d\u0159ete svou l\u00e1sku k rodin\u011b t\u00edm nejchutn\u011bj\u0161\u00edm zp\u016fsobem! Mix o\u0159\u00ed\u0161k\u016f Pro nej\u00fa\u017easn\u011bj\u0161\u00ed rodinu na sv\u011bt\u011b p\u0159in\u00e1\u0161\u00ed pe\u010dliv\u011b vybranou kombinaci lahodn\u00fdch o\u0159ech\u016f.<\/span>\n                    <div class=\"product-button-wrapper\">\n                                                    <button class=\"product-button\">\n                                <a id=\"product-button-anchor\" href=\"https:\/\/www.ochutnejorech.cz\/produkt\/mix-pro-nejuzasnejsi-rodinu-na-svete?varianta=1-kg\" target=\"_blank\" rel=\"noopener\">Koupit<\/a>\n                            <\/button>\n                                            <\/div>\n\n            <\/div>\n        <\/div>\n        <div class=\"product-card\"\n             data-product-id=\"B06-05-0007-02\"\n             data-product-category=\"D\u00e1rky | Den matek\"\n             data-variant-id=\"_00000070K\"\n             data-product-price-with-vat=\"456\"\n             data-product-price-without-vat=\"387.6\"\n             data-product-url=\"https:\/\/www.ochutnejorech.cz\/produkt\/mix-pro-nejuzasnejsi-maminku-na-svete?varianta=1-kg\"\n             data-product-deliver-availability=\"0\"\n             data-product-currency=\"CZK\"\n             data-product-variant-name=\"1 kg\">\n\n            <div class=\"product-card-inner-wrapper\">\n\n                                <div class=\"product-title-section\">\n                    <a href=\"https:\/\/www.ochutnejorech.cz\/produkt\/mix-pro-nejuzasnejsi-maminku-na-svete?varianta=1-kg\" target=\"_blank\" rel=\"noopener\">\n                        <div class=\"product-image-wrapper\">\n                            <img decoding=\"async\" class=\"product-image\" src=\"https:\/\/cdn.ochutnejorech.cz\/cdn-cgi\/image\/w=225\/images\/cm78wy6np0q4abk02kdazu0ob\/Obal_mockup_Maminka.webp\" alt=\"Mix Pro nej\u00fa\u017easn\u011bj\u0161\u00ed Maminku na sv\u011bt\u011b\">\n                        <\/div>\n\n                        <h3 class=\"product-title\"><span class=\"ez-toc-section\" id=\"Pro_nejuzasnejsi_Maminku\"><\/span>Pro nej\u00fa\u017easn\u011bj\u0161\u00ed Maminku<span class=\"ez-toc-section-end\"><\/span><\/h3>\n                    <\/a>\n                <\/div>\n                \n                <div class=\"product-info-wrapper\">\n                    <span class=\"product-shipping\">Skladem<\/span>\n                                                        <div class=\"product-discount-wrapper\">\n                        <span class=\"product-price product-price-discount\">456 K\u010d<\/span>\n                        <span class=\"product-price product-price-sale\">399 K\u010d<\/span>\n                    <\/div>\n                                                    <\/div>\n                    <span class=\"product-description\">Hled\u00e1te dokonal\u00fd d\u00e1rek pro maminku? N\u00e1\u0161 pr\u00e9miov\u00fd mix o\u0159\u00ed\u0161k\u016f a ovoce v elegantn\u00edm d\u00e1rkov\u00e9m balen\u00ed spojuje to nejlep\u0161\u00ed.<\/span>\n                    <div class=\"product-button-wrapper\">\n                                                    <button class=\"product-button\">\n                                <a id=\"product-button-anchor\" href=\"https:\/\/www.ochutnejorech.cz\/produkt\/mix-pro-nejuzasnejsi-maminku-na-svete?varianta=1-kg\" target=\"_blank\" rel=\"noopener\">Koupit<\/a>\n                            <\/button>\n                                            <\/div>\n\n            <\/div>\n        <\/div>\n        <div class=\"product-card\"\n             data-product-id=\"B07-10-0010-05\"\n             data-product-category=\"D\u00e1rky | D\u00e1rky pro rodi\u010de | D\u00e1rky pro t\u00e1tu\"\n             data-variant-id=\"_000000101\"\n             data-product-price-with-vat=\"439\"\n             data-product-price-without-vat=\"373.15\"\n             data-product-url=\"https:\/\/www.ochutnejorech.cz\/produkt\/pro-nejlepsiho-tatinka-na-svete?varianta=1-kg\"\n             data-product-deliver-availability=\"0\"\n             data-product-currency=\"CZK\"\n             data-product-variant-name=\"1 kg\">\n\n            <div class=\"product-card-inner-wrapper\">\n\n                                <div class=\"product-title-section\">\n                    <a href=\"https:\/\/www.ochutnejorech.cz\/produkt\/pro-nejlepsiho-tatinka-na-svete?varianta=1-kg\" target=\"_blank\" rel=\"noopener\">\n                        <div class=\"product-image-wrapper\">\n                            <img decoding=\"async\" class=\"product-image\" src=\"https:\/\/cdn.ochutnejorech.cz\/cdn-cgi\/image\/w=225\/images\/cm49zatlm001flqa8gxn2ctea\/Obal_mockup_Tati_nek__1_.webp\" alt=\"Pro nejlep\u0161\u00edho Tat\u00ednka na sv\u011bt\u011b\">\n                        <\/div>\n\n                        <h3 class=\"product-title\"><span class=\"ez-toc-section\" id=\"Pro_nejlepsiho_Tatinka\"><\/span>Pro nejlep\u0161\u00edho Tat\u00ednka <span class=\"ez-toc-section-end\"><\/span><\/h3>\n                    <\/a>\n                <\/div>\n                \n                <div class=\"product-info-wrapper\">\n                    <span class=\"product-shipping\">Skladem<\/span>\n                                                            <span class=\"product-pricesss\">439 K\u010d<\/span>\n                                                    <\/div>\n                    <span class=\"product-description\">Sh\u00e1n\u00edte d\u00e1rek pro t\u00e1tu? Tato sm\u011bs o\u0159\u00ed\u0161k\u016f je naprosto ide\u00e1ln\u00ed. Obsahuje solen\u00e9 a uzen\u00e9 mandle, solen\u00e9 ke\u0161u, vla\u0161sk\u00e1 j\u00e1dra a ke\u0161u ve slan\u00e9m karamelu.<\/span>\n                    <div class=\"product-button-wrapper\">\n                                                    <button class=\"product-button\">\n                                <a id=\"product-button-anchor\" href=\"https:\/\/www.ochutnejorech.cz\/produkt\/pro-nejlepsiho-tatinka-na-svete?varianta=1-kg\" target=\"_blank\" rel=\"noopener\">Koupit<\/a>\n                            <\/button>\n                                            <\/div>\n\n            <\/div>\n        <\/div>\n\n<\/div>\n\n\n\n<p><strong>Mohlo by v\u00e1s tak\u00e9 zaj\u00edmat: <a href=\"https:\/\/www.ochutnejorech.cz\/blog\/dubajska-cokolada\" target=\"_blank\" data-type=\"link\" data-id=\"https:\/\/www.ochutnejorech.cz\/blog\/dubajska-cokolada\" rel=\"noreferrer noopener\">Kde koupit pist\u00e1ciovou pastu a jak se vyr\u00e1b\u00ed + recept na dubajskou \u010dokol\u00e1du<\/a><\/strong><\/p>\n\n\n\n<h2 class=\"wp-block-heading\"><span class=\"ez-toc-section\" id=\"Casto_kladene_dotazy\"><\/span>\u010casto kladen\u00e9 dotazy<span class=\"ez-toc-section-end\"><\/span><\/h2>\n\n\n<div id=\"rank-math-faq\" class=\"rank-math-block\">\n<div class=\"rank-math-list \">\n<div id=\"faq-question-1747043979098\" class=\"rank-math-list-item\">\n<h3 class=\"rank-math-question \"><span class=\"ez-toc-section\" id=\"Proc_se_slavi_Den_rodiny\"><\/span>Pro\u010d se slav\u00ed Den rodiny?<span class=\"ez-toc-section-end\"><\/span><\/h3>\n<div class=\"rank-math-answer \">\n\n<p>Den rodiny p\u0159ipom\u00edn\u00e1 d\u016fle\u017eitost rodiny jako z\u00e1kladn\u00ed jednotky spole\u010dnosti. I v dob\u011b, kdy rodiny existuj\u00ed v r\u016fzn\u00fdch podob\u00e1ch, z\u016fst\u00e1v\u00e1 jejich role nezastupiteln\u00e1. Poskytuj\u00ed emocion\u00e1ln\u00ed stabilitu, ekonomick\u00e9 z\u00e1zem\u00ed, mezigenera\u010dn\u00ed podporu a prostor pro p\u0159ed\u00e1v\u00e1n\u00ed hodnot.<\/p>\n\n<\/div>\n<\/div>\n<div id=\"faq-question-1747044003035\" class=\"rank-math-list-item\">\n<h3 class=\"rank-math-question \"><span class=\"ez-toc-section\" id=\"Kdy_je_svatek_rodiny\"><\/span>Kdy je sv\u00e1tek rodiny?<span class=\"ez-toc-section-end\"><\/span><\/h3>\n<div class=\"rank-math-answer \">\n\n<p>Mezin\u00e1rodn\u00ed den rodiny p\u0159ipad\u00e1 ka\u017edoro\u010dn\u011b na 15. kv\u011btna. V \u010cesk\u00e9 republice je jako v\u00fdznamn\u00fd den ofici\u00e1ln\u011b uzn\u00e1v\u00e1n od roku 2006 pod n\u00e1zvem Den rodin.<\/p>\n\n<\/div>\n<\/div>\n<div id=\"faq-question-1747044024819\" class=\"rank-math-list-item\">\n<h3 class=\"rank-math-question \"><span class=\"ez-toc-section\" id=\"Kdy_je_Den_rodicu\"><\/span>Kdy je Den rodi\u010d\u016f?<span class=\"ez-toc-section-end\"><\/span><\/h3>\n<div class=\"rank-math-answer \">\n\n<p>Den rodi\u010d\u016f se slav\u00ed 1. \u010dervna. Je zam\u011b\u0159en\u00fd na uzn\u00e1n\u00ed role rodi\u010d\u016f p\u0159i v\u00fdchov\u011b d\u011bt\u00ed a vytv\u00e1\u0159en\u00ed stabiln\u00edho rodinn\u00e9ho prost\u0159ed\u00ed.<\/p>\n\n<\/div>\n<\/div>\n<div id=\"faq-question-1747044061020\" class=\"rank-math-list-item\">\n<h3 class=\"rank-math-question \"><span class=\"ez-toc-section\" id=\"Proc_je_15_kvetna_vyznamny_den\"><\/span>Pro\u010d je 15. kv\u011btna v\u00fdznamn\u00fd den?<span class=\"ez-toc-section-end\"><\/span><\/h3>\n<div class=\"rank-math-answer \">\n\n<p>15. 5. je Mezin\u00e1rodn\u00ed den rodiny. Slav\u00ed se uprost\u0159ed m\u011bs\u00edce, co\u017e zd\u016fraz\u0148uje \u00fast\u0159edn\u00ed roli rodiny v na\u0161em \u017eivot\u011b. Nav\u00edc jarn\u00ed obdob\u00ed symbolizuje r\u016fst, nov\u00fd za\u010d\u00e1tek a nad\u011bji, co\u017e jsou hodnoty, kter\u00e9 si s rodinou \u010dasto spojujeme.<\/p>\n\n<\/div>\n<\/div>\n<\/div>\n<\/div>\n\n\n<h2 class=\"wp-block-heading\"><span class=\"ez-toc-section\" id=\"Zdroje\"><\/span>Zdroje<span class=\"ez-toc-section-end\"><\/span><\/h2>\n\n\n\n<p>United Nations General Assembly (1993) <em>Resolution 47\/237. International Year of the Family<\/em>. [online] Dostupn\u00e9 z: <a href=\"https:\/\/undocs.org\/A\/RES\/47\/237\" target=\"_blank\" rel=\"noreferrer noopener nofollow\">https:\/\/undocs.org\/A\/RES\/47\/237<\/a> <\/p>\n\n\n\n<p>United Nations General Assembly (1993) <em>Resolution 47\/233. Revitalization of the work of the General Assembly<\/em>. [online] 108th plenary meeting, 28 July 1993. Dostupn\u00e9 z: <a href=\"https:\/\/undocs.org\/A\/RES\/47\/233\" target=\"_blank\" rel=\"noreferrer noopener nofollow\">https:\/\/undocs.org\/A\/RES\/47\/233<\/a> <\/p>\n\n\n\n<p>United Nations General Assembly (1993) <em>International Year of the Family<\/em>. [online] 112th plenary meeting, 20 September 1993. Dostupn\u00e9 z: <a href=\"https:\/\/undocs.org\/A\/RES\/47\/237\" target=\"_blank\" rel=\"noreferrer noopener nofollow\">https:\/\/undocs.org\/A\/RES\/47\/237<\/a> <\/p>\n\n\n\n<p>Department of Economic and Social Affairs (2025) <em>Observance of the 2025 International Day of Families: Family-oriented Policies for Sustainable Development: Towards the Second World Summit for Social Development 2025<\/em>. [online] United Nations, New York. Dostupn\u00e9 z: <a href=\"https:\/\/www.un.org\/development\/desa\/family\/international-day-of-families.html\" target=\"_blank\" rel=\"noreferrer noopener nofollow\">https:\/\/www.un.org\/development\/desa\/family\/international-day-of-families.html<\/a><\/p>\n\n\n\n<p>Z\u00e1kon \u010d. 129\/2006 Sb. (2006) <em>Z\u00e1kon, kter\u00fdm se m\u011bn\u00ed z\u00e1kon \u010d. 245\/2000 Sb., o st\u00e1tn\u00edch sv\u00e1tc\u00edch, o ostatn\u00edch sv\u00e1tc\u00edch, o v\u00fdznamn\u00fdch dnech a o dnech pracovn\u00edho klidu, ve zn\u011bn\u00ed z\u00e1kona \u010d. 101\/2004 Sb.<\/em> [online] Dostupn\u00e9 z: <a href=\"https:\/\/www.zakonyprolidi.cz\/cs\/2006-129\" target=\"_blank\" rel=\"noreferrer noopener nofollow\">https:\/\/www.zakonyprolidi.cz\/cs\/2006-129<\/a><\/p>\n","protected":false},"excerpt":{"rendered":"<p>Spousta lid\u00ed v\u016fbec nev\u00ed, \u017ee existuje Mezin\u00e1rodn\u00ed den rodiny. P\u0159e\u010dt\u011bte si, kdy a jak\u00fdm zp\u016fsobem se tento v\u00fdznamn\u00fd den slav\u00ed.<\/p>\n","protected":false},"author":10,"featured_media":62454,"comment_status":"open","ping_status":"open","sticky":false,"template":"","format":"standard","meta":{"_acf_changed":false,"_lmt_disableupdate":"","_lmt_disable":"","wprm-recipe-roundup-name":"","wprm-recipe-roundup-description":"","footnotes":""},"categories":[391],"tags":[],"class_list":["post-62446","post","type-post","status-publish","format-standard","has-post-thumbnail","hentry","category-lifestyle"],"featured_image_src":"https:\/\/oocz.wps.cz\/wp-content\/uploads\/2025\/05\/kdy-je-mezinarodni-den-rodiny.jpg","author_info":{"display_name":"Ane\u017eka","author_link":"https:\/\/oocz.wps.cz\/author\/anezka"},"acf":[],"modified_by":"Pavl\u00edna","_links":{"self":[{"href":"https:\/\/oocz.wps.cz\/wp-json\/wp\/v2\/posts\/62446","targetHints":{"allow":["GET"]}}],"collection":[{"href":"https:\/\/oocz.wps.cz\/wp-json\/wp\/v2\/posts"}],"about":[{"href":"https:\/\/oocz.wps.cz\/wp-json\/wp\/v2\/types\/post"}],"author":[{"embeddable":true,"href":"https:\/\/oocz.wps.cz\/wp-json\/wp\/v2\/users\/10"}],"replies":[{"embeddable":true,"href":"https:\/\/oocz.wps.cz\/wp-json\/wp\/v2\/comments?post=62446"}],"version-history":[{"count":9,"href":"https:\/\/oocz.wps.cz\/wp-json\/wp\/v2\/posts\/62446\/revisions"}],"predecessor-version":[{"id":62930,"href":"https:\/\/oocz.wps.cz\/wp-json\/wp\/v2\/posts\/62446\/revisions\/62930"}],"wp:featuredmedia":[{"embeddable":true,"href":"https:\/\/oocz.wps.cz\/wp-json\/wp\/v2\/media\/62454"}],"wp:attachment":[{"href":"https:\/\/oocz.wps.cz\/wp-json\/wp\/v2\/media?parent=62446"}],"wp:term":[{"taxonomy":"category","embeddable":true,"href":"https:\/\/oocz.wps.cz\/wp-json\/wp\/v2\/categories?post=62446"},{"taxonomy":"post_tag","embeddable":true,"href":"https:\/\/oocz.wps.cz\/wp-json\/wp\/v2\/tags?post=62446"}],"curies":[{"name":"wp","href":"https:\/\/api.w.org\/{rel}","templated":true}]}}