{"id":62570,"date":"2025-05-26T17:31:16","date_gmt":"2025-05-26T15:31:16","guid":{"rendered":"https:\/\/ochutnej.top-me.eu\/?p=62570"},"modified":"2025-05-26T17:43:51","modified_gmt":"2025-05-26T15:43:51","slug":"kdy-je-mezinarodni-den-deti","status":"publish","type":"post","link":"https:\/\/oocz.wps.cz\/kdy-je-mezinarodni-den-deti","title":{"rendered":"Kdy je Mezin\u00e1rodn\u00ed den d\u011bt\u00ed v roce 2025 + tipy na nejlep\u0161\u00ed d\u00e1rky na d\u011btsk\u00fd den"},"content":{"rendered":"\n<p>Ka\u017ed\u00fd rodi\u010d by se m\u011bl 1. \u010dervna zastavit a v\u011bnovat alespo\u0148 chv\u00edli sv\u00fdm d\u011btem. <strong>Mezin\u00e1rodn\u00ed den d\u011bt\u00ed<\/strong> <strong>nen\u00ed jen dal\u0161\u00ed polo\u017eka v kalend\u00e1\u0159i, je to p\u0159\u00edle\u017eitost oslavit to nejcenn\u011bj\u0161\u00ed, co m\u00e1me. <\/strong>Den, kdy m\u016f\u017eeme zapomenout na ka\u017edodenn\u00ed starosti a soust\u0159edit se na radost, sm\u00edch a nevinnost na\u0161ich nejmen\u0161\u00edch.<\/p>\n\n\n\n<p><strong>Pro\u010d se d\u011btsk\u00fd den slav\u00ed pr\u00e1v\u011b 1. \u010dervna? Jak tento v\u00fdznamn\u00fd den v\u016fbec vznikl? A jak ho m\u016f\u017eeme oslavit tak, aby m\u011bl smysl nejen pro n\u00e1s, ale p\u0159edev\u0161\u00edm pro na\u0161e d\u011bti?<\/strong> Odpov\u011bdi na tyto ot\u00e1zky a spoustu praktick\u00fdch tip\u016f najdete v n\u00e1sleduj\u00edc\u00edch \u0159\u00e1dc\u00edch.<\/p>\n\n\n\n<div id=\"ez-toc-container\" class=\"ez-toc-v2_0_82_2 counter-hierarchy ez-toc-counter ez-toc-grey ez-toc-container-direction\">\n<div class=\"ez-toc-title-container\">\n<p class=\"ez-toc-title\" style=\"cursor:inherit\">Obsah \u010dl\u00e1nku<\/p>\n<span class=\"ez-toc-title-toggle\"><a href=\"#\" class=\"ez-toc-pull-right ez-toc-btn ez-toc-btn-xs ez-toc-btn-default ez-toc-toggle\" aria-label=\"Toggle Table of Content\"><span class=\"ez-toc-js-icon-con\"><span class=\"\"><span class=\"eztoc-hide\" style=\"display:none;\">Toggle<\/span><span class=\"ez-toc-icon-toggle-span\"><svg style=\"fill: #999;color:#999\" xmlns=\"http:\/\/www.w3.org\/2000\/svg\" class=\"list-377408\" width=\"20px\" height=\"20px\" viewBox=\"0 0 24 24\" fill=\"none\"><path d=\"M6 6H4v2h2V6zm14 0H8v2h12V6zM4 11h2v2H4v-2zm16 0H8v2h12v-2zM4 16h2v2H4v-2zm16 0H8v2h12v-2z\" fill=\"currentColor\"><\/path><\/svg><svg style=\"fill: #999;color:#999\" class=\"arrow-unsorted-368013\" xmlns=\"http:\/\/www.w3.org\/2000\/svg\" width=\"10px\" height=\"10px\" viewBox=\"0 0 24 24\" version=\"1.2\" baseProfile=\"tiny\"><path d=\"M18.2 9.3l-6.2-6.3-6.2 6.3c-.2.2-.3.4-.3.7s.1.5.3.7c.2.2.4.3.7.3h11c.3 0 .5-.1.7-.3.2-.2.3-.5.3-.7s-.1-.5-.3-.7zM5.8 14.7l6.2 6.3 6.2-6.3c.2-.2.3-.5.3-.7s-.1-.5-.3-.7c-.2-.2-.4-.3-.7-.3h-11c-.3 0-.5.1-.7.3-.2.2-.3.5-.3.7s.1.5.3.7z\"\/><\/svg><\/span><\/span><\/span><\/a><\/span><\/div>\n<nav><ul class='ez-toc-list ez-toc-list-level-1 ' ><ul class='ez-toc-list-level-3' ><li class='ez-toc-heading-level-3'><a class=\"ez-toc-link ez-toc-heading-1\" href=\"https:\/\/oocz.wps.cz\/kdy-je-mezinarodni-den-deti\/#Shrnuti_pro_ty_co_nemaji_cas_cist_cely_clanek\" >Shrnut\u00ed pro ty, co nemaj\u00ed \u010das \u010d\u00edst cel\u00fd \u010dl\u00e1nek<\/a><\/li><\/ul><\/li><li class='ez-toc-page-1 ez-toc-heading-level-2'><a class=\"ez-toc-link ez-toc-heading-2\" href=\"https:\/\/oocz.wps.cz\/kdy-je-mezinarodni-den-deti\/#Historie_Mezinarodniho_dne_deti\" >Historie Mezin\u00e1rodn\u00edho dne d\u011bt\u00ed<\/a><\/li><li class='ez-toc-page-1 ez-toc-heading-level-2'><a class=\"ez-toc-link ez-toc-heading-3\" href=\"https:\/\/oocz.wps.cz\/kdy-je-mezinarodni-den-deti\/#Kdy_se_Mezinarodni_den_deti_slavi\" >Kdy se Mezin\u00e1rodn\u00ed den d\u011bt\u00ed slav\u00ed?<\/a><ul class='ez-toc-list-level-3' ><li class='ez-toc-heading-level-3'><a class=\"ez-toc-link ez-toc-heading-4\" href=\"https:\/\/oocz.wps.cz\/kdy-je-mezinarodni-den-deti\/#Jak_to_funguje_u_nas\" >Jak to funguje u n\u00e1s?<\/a><\/li><\/ul><\/li><li class='ez-toc-page-1 ez-toc-heading-level-2'><a class=\"ez-toc-link ez-toc-heading-5\" href=\"https:\/\/oocz.wps.cz\/kdy-je-mezinarodni-den-deti\/#Jak_Mezinarodni_den_deti_v_roce_2025_oslavit\" >Jak Mezin\u00e1rodn\u00ed den d\u011bt\u00ed v roce 2025 oslavit?<\/a><\/li><li class='ez-toc-page-1 ez-toc-heading-level-2'><a class=\"ez-toc-link ez-toc-heading-6\" href=\"https:\/\/oocz.wps.cz\/kdy-je-mezinarodni-den-deti\/#Tipy_na_darky_k_Mezinarodnimu_dni_deti\" >Tipy na d\u00e1rky k Mezin\u00e1rodn\u00edmu dni d\u011bt\u00ed<\/a><ul class='ez-toc-list-level-3' ><li class='ez-toc-heading-level-3'><a class=\"ez-toc-link ez-toc-heading-7\" href=\"https:\/\/oocz.wps.cz\/kdy-je-mezinarodni-den-deti\/#Darkovy_kornout_Darecek\" >D\u00e1rkov\u00fd kornout D\u00e1re\u010dek<\/a><\/li><li class='ez-toc-page-1 ez-toc-heading-level-3'><a class=\"ez-toc-link ez-toc-heading-8\" href=\"https:\/\/oocz.wps.cz\/kdy-je-mezinarodni-den-deti\/#Darkovy_kornout_Kornoutek\" >D\u00e1rkov\u00fd kornout Kornoutek<\/a><\/li><\/ul><\/li><li class='ez-toc-page-1 ez-toc-heading-level-2'><a class=\"ez-toc-link ez-toc-heading-9\" href=\"https:\/\/oocz.wps.cz\/kdy-je-mezinarodni-den-deti\/#Proc_je_Mezinarodni_den_deti_dulezite_slavit\" >Pro\u010d je Mezin\u00e1rodn\u00ed den d\u011bt\u00ed d\u016fle\u017eit\u00e9 slavit?<\/a><\/li><li class='ez-toc-page-1 ez-toc-heading-level-2'><a class=\"ez-toc-link ez-toc-heading-10\" href=\"https:\/\/oocz.wps.cz\/kdy-je-mezinarodni-den-deti\/#Casto_kladene_dotazy\" >\u010casto kladen\u00e9 dotazy<\/a><ul class='ez-toc-list-level-3' ><li class='ez-toc-heading-level-3'><a class=\"ez-toc-link ez-toc-heading-11\" href=\"https:\/\/oocz.wps.cz\/kdy-je-mezinarodni-den-deti\/#Proc_se_Mezinarodni_den_deti_slavi_prave_1_cervna\" >Pro\u010d se Mezin\u00e1rodn\u00ed den d\u011bt\u00ed slav\u00ed pr\u00e1v\u011b 1. \u010dervna?<\/a><\/li><li class='ez-toc-page-1 ez-toc-heading-level-3'><a class=\"ez-toc-link ez-toc-heading-12\" href=\"https:\/\/oocz.wps.cz\/kdy-je-mezinarodni-den-deti\/#Jaky_je_rozdil_mezi_Mezinarodnim_a_Svetovym_dnem_deti\" >Jak\u00fd je rozd\u00edl mezi Mezin\u00e1rodn\u00edm a Sv\u011btov\u00fdm dnem d\u011bt\u00ed?<\/a><\/li><li class='ez-toc-page-1 ez-toc-heading-level-3'><a class=\"ez-toc-link ez-toc-heading-13\" href=\"https:\/\/oocz.wps.cz\/kdy-je-mezinarodni-den-deti\/#Je_Mezinarodni_den_deti_oficialnim_svatkem\" >Je Mezin\u00e1rodn\u00ed den d\u011bt\u00ed ofici\u00e1ln\u00edm sv\u00e1tkem?<\/a><\/li><li class='ez-toc-page-1 ez-toc-heading-level-3'><a class=\"ez-toc-link ez-toc-heading-14\" href=\"https:\/\/oocz.wps.cz\/kdy-je-mezinarodni-den-deti\/#Co_detem_darovat\" >Co d\u011btem darovat?<\/a><\/li><li class='ez-toc-page-1 ez-toc-heading-level-3'><a class=\"ez-toc-link ez-toc-heading-15\" href=\"https:\/\/oocz.wps.cz\/kdy-je-mezinarodni-den-deti\/#Kdo_slavi_Den_deti\" >Kdo slav\u00ed Den d\u011bt\u00ed?<\/a><\/li><li class='ez-toc-page-1 ez-toc-heading-level-3'><a class=\"ez-toc-link ez-toc-heading-16\" href=\"https:\/\/oocz.wps.cz\/kdy-je-mezinarodni-den-deti\/#Co_vymyslet_na_Den_deti\" >Co vymyslet na Den d\u011bt\u00ed?<\/a><\/li><\/ul><\/li><li class='ez-toc-page-1 ez-toc-heading-level-2'><a class=\"ez-toc-link ez-toc-heading-17\" href=\"https:\/\/oocz.wps.cz\/kdy-je-mezinarodni-den-deti\/#Zdroje\" >Zdroje<\/a><\/li><\/ul><\/nav><\/div>\n<h3 class=\"wp-block-heading\"><span class=\"ez-toc-section\" id=\"Shrnuti_pro_ty_co_nemaji_cas_cist_cely_clanek\"><\/span>Shrnut\u00ed pro ty, co nemaj\u00ed \u010das \u010d\u00edst cel\u00fd \u010dl\u00e1nek<span class=\"ez-toc-section-end\"><\/span><\/h3>\n\n\n\n<ul class=\"wp-block-list\">\n<li><strong>V \u010cesk\u00e9 republice slav\u00edme Mezin\u00e1rodn\u00ed den d\u011bt\u00ed 1. \u010dervna<\/strong>, stejn\u011b jako ve v\u00edce ne\u017e 40 dal\u0161\u00edch zem\u00edch po cel\u00e9m sv\u011bt\u011b.<\/li>\n\n\n\n<li><strong>Mezin\u00e1rodn\u00ed den d\u011bt\u00ed vznikal postupn\u011b od roku 1925<\/strong>, kdy se poprv\u00e9 mluvilo o pot\u0159eb\u011b v\u011bnovat d\u011btem speci\u00e1ln\u00ed pozornost. Ofici\u00e1ln\u011b vyhl\u00e1\u0161en byl v roce 1949 jako reakce na v\u00e1le\u010dn\u00e9 trag\u00e9die.<\/li>\n\n\n\n<li><strong>Existuje i Sv\u011btov\u00fd den d\u011bt\u00ed, kter\u00fd p\u0159ipad\u00e1 na 20. listopad<\/strong>. Ten se ale zam\u011b\u0159uje v\u00edce na pr\u00e1va d\u011bt\u00ed, \u010dervnov\u00fd den je p\u0159edev\u0161\u00edm o radosti a oslav\u011b.<\/li>\n\n\n\n<li><strong>M\u016f\u017eeme ho oslavit jednodu\u0161e<\/strong> spole\u010dn\u00fdm v\u00fdletem, tvo\u0159en\u00edm, va\u0159en\u00edm obl\u00edben\u00fdch j\u00eddel nebo mal\u00fdm <strong><a href=\"https:\/\/www.ochutnejorech.cz\/den-deti\" target=\"_blank\" data-type=\"link\" data-id=\"https:\/\/www.ochutnejorech.cz\/den-deti\" rel=\"noreferrer noopener\">sladk\u00fdm p\u0159ekvapen\u00edm.<\/a><\/strong><\/li>\n\n\n\n<li>Je to tak\u00e9 p\u0159ipom\u00ednka toho,<strong> \u017ee d\u011bti pot\u0159ebuj\u00ed na\u0161i pozornost, p\u00e9\u010di a \u017ee jsou budoucnost\u00ed na\u0161\u00ed spole\u010dnosti.<\/strong><\/li>\n<\/ul>\n\n\n\n<h2 class=\"wp-block-heading\"><span class=\"ez-toc-section\" id=\"Historie_Mezinarodniho_dne_deti\"><\/span>Historie Mezin\u00e1rodn\u00edho dne d\u011bt\u00ed<span class=\"ez-toc-section-end\"><\/span><\/h2>\n\n\n\n<p><strong>Mezin\u00e1rodn\u00ed den d\u011bt\u00ed m\u00e1 p\u0159ekvapiv\u011b dramatick\u00e9 ko\u0159eny.<\/strong> U\u017e v roce 1920, uprost\u0159ed Tureck\u00e9 v\u00e1lky za nez\u00e1vislost, prohl\u00e1sil Mustafa Kemal Atat\u00fcrk 23. duben za Den d\u011bt\u00ed. Uv\u011bdomil si, \u017ee d\u011bti jsou z\u00e1kladem ka\u017ed\u00e9 spole\u010dnosti. Turecko se tak stalo prvn\u00ed zem\u00ed na sv\u011bt\u011b, kter\u00e1 ofici\u00e1ln\u011b ustanovila den v\u011bnovan\u00fd d\u011btem.<\/p>\n\n\n\n<p><strong>Skute\u010dn\u00fd z\u00e1klad pro dne\u0161n\u00ed Mezin\u00e1rodn\u00ed den d\u011bt\u00ed v\u0161ak polo\u017eila Sv\u011btov\u00e1 konference pro blaho d\u011bt\u00ed<\/strong>, kter\u00e1 se konala 1. \u010dervna 1925 v \u017denev\u011b. Zaj\u00edmav\u00e9 je, \u017ee ve stejn\u00fd den prob\u011bhl v San Franciscu festival, kde \u010d\u00ednsk\u00fd gener\u00e1ln\u00ed konzul shrom\u00e1\u017edil m\u00edstn\u00ed sirotky, aby upozornil na jejich pot\u0159eby.<\/p>\n\n\n\n<p>V roce 1949 Mezin\u00e1rodn\u00ed demokratick\u00e1 federace \u017een vyhl\u00e1sila Den pro ochranu d\u011bt\u00ed. <strong>D\u016fvodem byly hr\u016fzy druh\u00e9 sv\u011btov\u00e9 v\u00e1lky<\/strong>, hlavn\u011b masakry v Lidic\u00edch (1942) a francouzsk\u00e9m Ouradouru (1944), kde zahynuly stovky nevinn\u00fdch \u017een a d\u011bt\u00ed.<\/p>\n\n\n\n<p>Postupn\u011b se z p\u016fvodn\u00edho Dne pro ochranu d\u011bt\u00ed stal <strong>Mezin\u00e1rodn\u00ed den d\u011bt\u00ed<\/strong>, jak ho zn\u00e1me. \u010ceskoslovensko ho p\u0159evzalo u\u017e v roce 1950 a tradice pokra\u010duje dodnes.<\/p>\n\n\n\n<figure class=\"wp-block-image size-full\"><img decoding=\"async\" width=\"1200\" height=\"630\" src=\"https:\/\/oocz.wps.cz\/wp-content\/uploads\/2025\/05\/mezinarodni-den-deti-historie.jpg\" alt=\"Historie Mezin\u00e1rodn\u00edho dne d\u011bt\u00ed\" class=\"wp-image-62575\" srcset=\"https:\/\/oocz.wps.cz\/wp-content\/uploads\/2025\/05\/mezinarodni-den-deti-historie.jpg 1200w, https:\/\/oocz.wps.cz\/wp-content\/uploads\/2025\/05\/mezinarodni-den-deti-historie-300x158.jpg 300w, https:\/\/oocz.wps.cz\/wp-content\/uploads\/2025\/05\/mezinarodni-den-deti-historie-700x368.jpg 700w, https:\/\/oocz.wps.cz\/wp-content\/uploads\/2025\/05\/mezinarodni-den-deti-historie-768x403.jpg 768w, https:\/\/oocz.wps.cz\/wp-content\/uploads\/2025\/05\/mezinarodni-den-deti-historie-800x420.jpg 800w\" sizes=\"(max-width: 1200px) 100vw, 1200px\" \/><\/figure>\n\n\n\n<p><strong>Mohlo by v\u00e1s tak\u00e9 zaj\u00edmat, <a href=\"https:\/\/www.ochutnejorech.cz\/blog\/mezinarodni-den-rodiny\" data-type=\"link\" data-id=\"https:\/\/www.ochutnejorech.cz\/blog\/mezinarodni-den-rodiny\" target=\"_blank\" rel=\"noreferrer noopener\">kdy je Mezin\u00e1rodn\u00ed den rodiny a jak se slav\u00ed.<\/a><\/strong><\/p>\n\n\n\n<h2 class=\"wp-block-heading\"><span class=\"ez-toc-section\" id=\"Kdy_se_Mezinarodni_den_deti_slavi\"><\/span>Kdy se Mezin\u00e1rodn\u00ed den d\u011bt\u00ed slav\u00ed?<span class=\"ez-toc-section-end\"><\/span><\/h2>\n\n\n\n<p><strong>Zaj\u00edmav\u00e9 je, \u017ee r\u016fzn\u00e9 zem\u011b slav\u00ed d\u011btsk\u00fd den jindy.<\/strong> Zat\u00edmco my ho slav\u00edme 1. \u010dervna, OSN ofici\u00e1ln\u011b stanovila Sv\u011btov\u00fd den d\u011bt\u00ed na 20. listopadu. Pro\u010d? OSN p\u0159ijala v tento den v roce 1959 Deklaraci o pr\u00e1vech d\u00edt\u011bte a v roce 1989 \u00damluvu o pr\u00e1vech d\u00edt\u011bte.<\/p>\n\n\n\n<p><strong>N\u011bkter\u00e9 zem\u011b maj\u00ed \u00fapln\u011b jin\u00e1 data.<\/strong> Nap\u0159\u00edklad v Japonsku a Ji\u017en\u00ed Koreji slav\u00ed 5. kv\u011btna, v Indii zase 14. listopadu na po\u010dest jejich prvn\u00edho premi\u00e9ra Nehrua, kter\u00e9ho d\u011bti zbo\u017e\u0148ovaly a \u0159\u00edkaly mu str\u00fd\u010dek Nehru. <strong>Ka\u017ed\u00e1 zem\u011b si prost\u011b p\u0159izp\u016fsobila oslavy podle sv\u00fdch tradic.<\/strong><\/p>\n\n\n\n<h3 class=\"wp-block-heading\"><span class=\"ez-toc-section\" id=\"Jak_to_funguje_u_nas\"><\/span>Jak to funguje u n\u00e1s?<span class=\"ez-toc-section-end\"><\/span><\/h3>\n\n\n\n<p><strong>V \u010cesku m\u00e1 Mezin\u00e1rodn\u00ed den d\u011bt\u00ed dlouhou tradici.<\/strong> Od pades\u00e1t\u00fdch let minul\u00e9ho stolet\u00ed se 1. \u010derven st\u00e1v\u00e1 dnem, kdy se v\u0161echno to\u010d\u00ed kolem d\u011bt\u00ed. <strong>\u0160koly a \u0161kolky p\u0159ipravuj\u00ed speci\u00e1ln\u00ed programy<\/strong>, m\u011bsta po\u0159\u00e1daj\u00ed festivaly v parc\u00edch a rodi\u010de vym\u00fd\u0161lej\u00ed, jak ud\u011blat d\u011btem radost.<\/p>\n\n\n\n<p><strong>\u010cerven je skv\u011bl\u00e9 obdob\u00ed pro oslavy<\/strong>. Je teplo, p\u0159\u00edroda kvete a m\u016f\u017eeme tr\u00e1vit \u010das venku. <strong>Mnoho rodin to bere jako start pr\u00e1zdninov\u00e9 sez\u00f3ny.<\/strong><\/p>\n\n\n\n<p><strong>Samoz\u0159ejm\u011b se s t\u00edmto dnem poj\u00ed i <a href=\"https:\/\/www.ochutnejorech.cz\/den-deti\" target=\"_blank\" data-type=\"link\" data-id=\"https:\/\/www.ochutnejorech.cz\/den-deti\" rel=\"noreferrer noopener\">d\u00e1rky<\/a><\/strong>, ale nejde jen o to, co koup\u00edme. <strong>Mnohem d\u016fle\u017eit\u011bj\u0161\u00ed je \u010das, kter\u00fd s d\u011btmi str\u00e1v\u00edme<\/strong>, a z\u00e1\u017eitky, na kter\u00e9 budou vzpom\u00ednat i za mnoho let.<\/p>\n\n\n\n<figure class=\"wp-block-image size-full\"><img decoding=\"async\" width=\"1200\" height=\"630\" src=\"https:\/\/oocz.wps.cz\/wp-content\/uploads\/2025\/05\/kdy-je-mezinarodni-den-deti.jpg\" alt=\"Kdy je Mezin\u00e1rodn\u00ed den d\u011bt\u00ed v \u010cesku?\" class=\"wp-image-62576\" srcset=\"https:\/\/oocz.wps.cz\/wp-content\/uploads\/2025\/05\/kdy-je-mezinarodni-den-deti.jpg 1200w, https:\/\/oocz.wps.cz\/wp-content\/uploads\/2025\/05\/kdy-je-mezinarodni-den-deti-300x158.jpg 300w, https:\/\/oocz.wps.cz\/wp-content\/uploads\/2025\/05\/kdy-je-mezinarodni-den-deti-700x368.jpg 700w, https:\/\/oocz.wps.cz\/wp-content\/uploads\/2025\/05\/kdy-je-mezinarodni-den-deti-768x403.jpg 768w, https:\/\/oocz.wps.cz\/wp-content\/uploads\/2025\/05\/kdy-je-mezinarodni-den-deti-800x420.jpg 800w\" sizes=\"(max-width: 1200px) 100vw, 1200px\" \/><\/figure>\n\n\n\n<h2 class=\"wp-block-heading\"><span class=\"ez-toc-section\" id=\"Jak_Mezinarodni_den_deti_v_roce_2025_oslavit\"><\/span>Jak Mezin\u00e1rodn\u00ed den d\u011bt\u00ed v roce 2025 oslavit?<span class=\"ez-toc-section-end\"><\/span><\/h2>\n\n\n\n<p><strong>Mezin\u00e1rodn\u00ed den d\u011bt\u00ed v\u00e1s nemus\u00ed st\u00e1t majlant.<\/strong> \u010casto jsou to pr\u00e1v\u011b ty nejjednodu\u0161\u0161\u00ed v\u011bci, na kter\u00e9 d\u011bti nejv\u00edc vzpom\u00ednaj\u00ed:<\/p>\n\n\n\n<ul class=\"wp-block-list\">\n<li><strong>Piknik n\u011bkde v zeleni.<\/strong> Sta\u010d\u00ed deka a n\u011bco dobr\u00e9ho k j\u00eddlu.<\/li>\n\n\n\n<li><strong>Sout\u011b\u017ee<\/strong> <strong>se \u010dleny rodiny.<\/strong> T\u0159eba kdo d\u00e1l sko\u010d\u00ed, rychleji pob\u011b\u017e\u00ed nebo d\u00e9le vydr\u017e\u00ed na jedn\u00e9 noze.<\/li>\n\n\n\n<li><strong><a href=\"https:\/\/www.ochutnejorech.cz\/blog\/recepty\" target=\"_blank\" data-type=\"link\" data-id=\"https:\/\/www.ochutnejorech.cz\/blog\/recepty\" rel=\"noreferrer noopener\">Spole\u010dn\u00e9 va\u0159en\u00ed<\/a><\/strong> obl\u00edben\u00e9ho j\u00eddla nebo pe\u010den\u00ed kol\u00e1\u010d\u016f.<\/li>\n\n\n\n<li><strong>Tvo\u0159en\u00ed<\/strong> \u2013 malov\u00e1n\u00ed, lepen\u00ed, stav\u011bn\u00ed z kostek.<\/li>\n\n\n\n<li><strong>\u010cten\u00ed venku<\/strong> pod stromem nebo na terase.<\/li>\n<\/ul>\n\n\n\n<p><strong>Vyzkou\u0161ejte <a href=\"https:\/\/www.ochutnejorech.cz\/blog\/domaci-kokosovi-brumici-bez-cukru\" target=\"_blank\" data-type=\"link\" data-id=\"https:\/\/www.ochutnejorech.cz\/blog\/domaci-kokosovi-brumici-bez-cukru\" rel=\"noreferrer noopener\">zdrav\u00e9 dom\u00e1c\u00ed kokosov\u00e9 brum\u00edky.<\/a><\/strong><\/p>\n\n\n\n<p><strong>D\u016fle\u017eit\u00e9 je, aby se zapojila cel\u00e1 rodina.<\/strong> D\u011bti zbo\u017e\u0148uj\u00ed, kdy\u017e m\u016f\u017eou n\u011bco vymyslet nebo kdy\u017e vid\u00ed, \u017ee se rodi\u010de bav\u00ed stejn\u011b jako ony. <strong>N\u011bkdy sta\u010d\u00ed postavit bunkr z pol\u0161t\u00e1\u0159\u016f, pozorovat mraky nebo si jen pohr\u00e1t na zahrad\u011b.<\/strong><\/p>\n\n\n\n<p><strong>Pokud m\u00e1te \u010das a chu\u0165, zkuste se zapojit do organizace<\/strong> n\u011bjak\u00e9 akce ve \u0161kole nebo v okol\u00ed. D\u011bti jsou hrd\u00e9, kdy\u017e vid\u00ed, jak jsou rodi\u010de ak\u010dn\u00ed, a nav\u00edc se tak m\u016f\u017eete poznat s dal\u0161\u00edmi rodinami.<\/p>\n\n\n\n<figure class=\"wp-block-image size-full\"><img decoding=\"async\" width=\"1200\" height=\"630\" src=\"https:\/\/oocz.wps.cz\/wp-content\/uploads\/2025\/05\/jak-oslavit-mezinarodni-den-deti.jpg\" alt=\"Mezin\u00e1rodn\u00ed den d\u011bt\u00ed v\u00e1s nemus\u00ed st\u00e1t majlant. \u010casto jsou to pr\u00e1v\u011b ty nejjednodu\u0161\u0161\u00ed v\u011bci, na kter\u00e9 d\u011bti nejv\u00edc vzpom\u00ednaj\u00ed.\" class=\"wp-image-62577\" srcset=\"https:\/\/oocz.wps.cz\/wp-content\/uploads\/2025\/05\/jak-oslavit-mezinarodni-den-deti.jpg 1200w, https:\/\/oocz.wps.cz\/wp-content\/uploads\/2025\/05\/jak-oslavit-mezinarodni-den-deti-300x158.jpg 300w, https:\/\/oocz.wps.cz\/wp-content\/uploads\/2025\/05\/jak-oslavit-mezinarodni-den-deti-700x368.jpg 700w, https:\/\/oocz.wps.cz\/wp-content\/uploads\/2025\/05\/jak-oslavit-mezinarodni-den-deti-768x403.jpg 768w, https:\/\/oocz.wps.cz\/wp-content\/uploads\/2025\/05\/jak-oslavit-mezinarodni-den-deti-800x420.jpg 800w\" sizes=\"(max-width: 1200px) 100vw, 1200px\" \/><\/figure>\n\n\n\n<h2 class=\"wp-block-heading\"><span class=\"ez-toc-section\" id=\"Tipy_na_darky_k_Mezinarodnimu_dni_deti\"><\/span>Tipy na d\u00e1rky k Mezin\u00e1rodn\u00edmu dni d\u011bt\u00ed<span class=\"ez-toc-section-end\"><\/span><\/h2>\n\n\n\n<p><strong>K mezin\u00e1rodn\u00edmu dni d\u011bt\u00ed pat\u0159\u00ed i n\u011bjak\u00e9 to mal\u00e9 <a href=\"https:\/\/www.ochutnejorech.cz\/den-deti\" target=\"_blank\" data-type=\"link\" data-id=\"https:\/\/www.ochutnejorech.cz\/den-deti\" rel=\"noreferrer noopener\">sladk\u00e9 p\u0159ekvapen\u00ed.<\/a><\/strong> <strong>Sladkosti k d\u011btstv\u00ed zkr\u00e1tka pat\u0159\u00ed.<\/strong> P\u0159ipom\u00ednaj\u00ed takovou tu bezstarostnost a radost z mali\u010dkost\u00ed, kterou bychom si m\u011bli ob\u010das p\u0159ipomenout v\u0161ichni. Dop\u0159ejte d\u011btem <strong>t\u0159eba <a href=\"https:\/\/www.ochutnejorech.cz\/den-deti\" target=\"_blank\" rel=\"noreferrer noopener\">barevn\u00fd kornout<\/a> pln\u00fd sladkost\u00ed<\/strong> nebo ho d\u00edt\u011bti sami sestavte.<\/p>\n\n\n\n<p><strong>Co do kornoutu d\u00e1t?<\/strong><\/p>\n\n\n\n<ul class=\"wp-block-list\">\n<li><strong><a href=\"https:\/\/www.ochutnejorech.cz\/produkt\/minilentils-bez-palmace?varianta=70-g\" target=\"_blank\" data-type=\"link\" data-id=\"https:\/\/www.ochutnejorech.cz\/produkt\/minilentils-bez-palmace?varianta=70-g\" rel=\"noreferrer noopener\">Barevn\u00e9 lentilky<\/a><\/strong>,<\/li>\n\n\n\n<li><strong><a href=\"https:\/\/www.ochutnejorech.cz\/produkt\/zele-fazolky-sladky-mix?varianta=250-g\" target=\"_blank\" data-type=\"link\" data-id=\"https:\/\/www.ochutnejorech.cz\/produkt\/zele-fazolky-sladky-mix?varianta=250-g\" rel=\"noreferrer noopener\">\u017eel\u00e9 fazolky<\/a><\/strong> (sladk\u00e9 i kysel\u00e9),<\/li>\n\n\n\n<li><strong><a href=\"https:\/\/www.ochutnejorech.cz\/kategorie\/lyofilizovane-ovoce\" data-type=\"link\" data-id=\"https:\/\/www.ochutnejorech.cz\/kategorie\/lyofilizovane-ovoce\" target=\"_blank\" rel=\"noreferrer noopener\">lyofilizovan\u00e9 ovoce<\/a><\/strong>,<\/li>\n\n\n\n<li><a href=\"https:\/\/www.ochutnejorech.cz\/kategorie\/orechy-v-cokolade\" data-type=\"link\" data-id=\"https:\/\/www.ochutnejorech.cz\/kategorie\/orechy-v-cokolade\" target=\"_blank\" rel=\"noreferrer noopener\"><strong>o\u0159echy<\/strong> <strong>v \u010dokol\u00e1d\u011b<\/strong><\/a>.<\/li>\n<\/ul>\n\n\n\n<div class=\"product-grid\">\n\n        <div class=\"product-card\"\n             data-product-id=\"B22-01-0005-02\"\n             data-product-category=\"D\u00e1rky | D\u00e1rky podle typu | D\u00e1rkov\u00e9 kornouty\"\n             data-variant-id=\"_000000B0L\"\n             data-product-price-with-vat=\"299\"\n             data-product-price-without-vat=\"254.15\"\n             data-product-url=\"https:\/\/www.ochutnejorech.cz\/produkt\/kornout-darecek?varianta=600-g\"\n             data-product-deliver-availability=\"\"\n             data-product-currency=\"CZK\"\n             data-product-variant-name=\"600 g\">\n\n            <div class=\"product-card-inner-wrapper\">\n\n                                <div class=\"product-title-section\">\n                    <a href=\"https:\/\/www.ochutnejorech.cz\/produkt\/kornout-darecek?varianta=600-g\" target=\"_blank\" rel=\"noopener\">\n                        <div class=\"product-image-wrapper\">\n                            <img decoding=\"async\" class=\"product-image\" src=\"https:\/\/cdn.ochutnejorech.cz\/cdn-cgi\/image\/w=225\/images\/cmaaxqiw80zhccf02vq4kaauh\/d_re_ek.webp\" alt=\"D\u00e1rkov\u00fd kornout D\u00e1re\u010dek\">\n                        <\/div>\n\n                        <h3 class=\"product-title\"><span class=\"ez-toc-section\" id=\"Darkovy_kornout_Darecek\"><\/span>D\u00e1rkov\u00fd kornout D\u00e1re\u010dek<span class=\"ez-toc-section-end\"><\/span><\/h3>\n                    <\/a>\n                <\/div>\n                \n                <div class=\"product-info-wrapper\">\n                    <span class=\"product-shipping\">Nedostupn\u00e9<\/span>\n                                                            <span class=\"product-pricesss\">299 K\u010d<\/span>\n                                                    <\/div>\n                    <span class=\"product-description\">1 kus = 600g &#8211; foto pouze ilustra\u010dn\u00ed se 2 kusy. Hrav\u00fd, sladk\u00fd a p\u0159ekvapiv\u011b pestr\u00fd! D\u00e1rkov\u00fd kornout D\u00e1re\u010dek kombinuje minilentilky, \u017eel\u00e9 mozky, p\u0159\u00edrodn\u00ed ananas i cel\u00e9 brusinky. Skv\u011bl\u00fd pro radostn\u00e9 mls\u00e1n\u00ed pln\u00e9 chut\u00ed a barev a \u00fa\u017easn\u00fd d\u00e1rek pro d\u011bti i dosp\u011bl\u00e9!<\/span>\n                    <div class=\"product-button-wrapper\">\n                                                    <button class=\"product-button\" disabled>Nedostupn\u00e9<\/button>\n                                            <\/div>\n\n            <\/div>\n        <\/div>\n        <div class=\"product-card\"\n             data-product-id=\"B22-01-0005-01\"\n             data-product-category=\"D\u00e1rky | D\u00e1rky podle typu | D\u00e1rkov\u00e9 kornouty\"\n             data-variant-id=\"_000000B0G\"\n             data-product-price-with-vat=\"189\"\n             data-product-price-without-vat=\"160.65\"\n             data-product-url=\"https:\/\/www.ochutnejorech.cz\/produkt\/kornoutek?varianta=300-g\"\n             data-product-deliver-availability=\"\"\n             data-product-currency=\"CZK\"\n             data-product-variant-name=\"300 g\">\n\n            <div class=\"product-card-inner-wrapper\">\n\n                                <div class=\"product-title-section\">\n                    <a href=\"https:\/\/www.ochutnejorech.cz\/produkt\/kornoutek?varianta=300-g\" target=\"_blank\" rel=\"noopener\">\n                        <div class=\"product-image-wrapper\">\n                            <img decoding=\"async\" class=\"product-image\" src=\"https:\/\/cdn.ochutnejorech.cz\/cdn-cgi\/image\/w=225\/images\/cmaaxz4ov0zilcf02jc15388o\/kornoutek.webp\" alt=\"D\u00e1rkov\u00fd kornout Kornoutek\">\n                        <\/div>\n\n                        <h3 class=\"product-title\"><span class=\"ez-toc-section\" id=\"Darkovy_kornout_Kornoutek\"><\/span>D\u00e1rkov\u00fd kornout Kornoutek<span class=\"ez-toc-section-end\"><\/span><\/h3>\n                    <\/a>\n                <\/div>\n                \n                <div class=\"product-info-wrapper\">\n                    <span class=\"product-shipping\">Nedostupn\u00e9<\/span>\n                                                            <span class=\"product-pricesss\">189 K\u010d<\/span>\n                                                    <\/div>\n                    <span class=\"product-description\">1 kus = 300g &#8211; foto pouze ilustra\u010dn\u00ed se 2 kusy. Darujte sv\u00fdm bl\u00edzk\u00fdm radost v praktick\u00e9m balen\u00ed! N\u00e1\u0161 d\u00e1rkov\u00fd kornout Kornoutek obsahuje lahodnou sm\u011bs vi\u0161n\u00ed v jogurtu, barevn\u00fdch minilentilek, mandl\u00ed v b\u00edl\u00e9 \u010dokol\u00e1d\u011b s kokosem a z\u00e1bavn\u00fdch \u017eel\u00e9 mozk\u016f. Pestr\u00e1 kombinace chut\u00ed, kter\u00e1 pot\u011b\u0161\u00ed ka\u017ed\u00e9ho milovn\u00edka sladkost\u00ed i o\u0159ech\u016f v jednom \u0161ikovn\u00e9m balen\u00ed.<\/span>\n                    <div class=\"product-button-wrapper\">\n                                                    <button class=\"product-button\" disabled>Nedostupn\u00e9<\/button>\n                                            <\/div>\n\n            <\/div>\n        <\/div>\n\n<\/div>\n\n\n\n<p><strong>TIP: <a href=\"https:\/\/www.ochutnejorech.cz\/blog\/od-kdy-muzou-deti-orechy\" target=\"_blank\" data-type=\"link\" data-id=\"https:\/\/www.ochutnejorech.cz\/blog\/od-kdy-muzou-deti-orechy\" rel=\"noreferrer noopener\">Od kdy m\u016f\u017eou d\u011bti o\u0159echy?<\/a><\/strong><\/p>\n\n\n\n<h2 class=\"wp-block-heading\"><span class=\"ez-toc-section\" id=\"Proc_je_Mezinarodni_den_deti_dulezite_slavit\"><\/span>Pro\u010d je Mezin\u00e1rodn\u00ed den d\u011bt\u00ed d\u016fle\u017eit\u00e9 slavit?<span class=\"ez-toc-section-end\"><\/span><\/h2>\n\n\n\n<p><strong>Mezin\u00e1rodn\u00ed den d\u011bt\u00ed nen\u00ed jen o radosti a d\u00e1rc\u00edch.<\/strong> Je to tak\u00e9 p\u0159ipom\u00ednka na\u0161\u00ed spole\u010dn\u00e9 odpov\u011bdnosti za blaho v\u0161ech d\u011bt\u00ed. <strong>V dob\u011b rychl\u00fdch zm\u011bn, kdy d\u011bti \u010del\u00ed nov\u00fdm v\u00fdzv\u00e1m,<\/strong> od kyber\u0161ikany p\u0159es nadm\u011brn\u00e9 vystaven\u00ed digit\u00e1ln\u00edm technologi\u00edm a\u017e po klimatick\u00e9 zm\u011bny, je tento den d\u016fle\u017eit\u011bj\u0161\u00ed ne\u017e kdy d\u0159\u00edv.<\/p>\n\n\n\n<p><strong>Ka\u017ed\u00e9 d\u00edt\u011b m\u00e1 pr\u00e1vo na:<\/strong><\/p>\n\n\n\n<ul class=\"wp-block-list\">\n<li><strong>Bezpe\u010dn\u00e9 d\u011btstv\u00ed<\/strong> bez strachu a n\u00e1sil\u00ed,<\/li>\n\n\n\n<li><strong>kvalitn\u00ed vzd\u011bl\u00e1n\u00ed<\/strong> a p\u0159\u00edle\u017eitosti k rozvoji,<\/li>\n\n\n\n<li><strong>zdravotn\u00ed p\u00e9\u010di<\/strong> a l\u00e1skypln\u00e9 prost\u0159ed\u00ed,<\/li>\n\n\n\n<li><strong>\u010das a prostor<\/strong> b\u00fdt prost\u011b d\u00edt\u011btem.<\/li>\n<\/ul>\n\n\n\n<figure class=\"wp-block-image size-full\"><img decoding=\"async\" width=\"1200\" height=\"630\" src=\"https:\/\/oocz.wps.cz\/wp-content\/uploads\/2025\/05\/proc-oslavit-mezinarodni-den-deti.jpg\" alt=\"Mezin\u00e1rodn\u00ed den d\u011bt\u00ed nen\u00ed jen o radosti a d\u00e1rc\u00edch. Je to tak\u00e9 p\u0159ipom\u00ednka na\u0161\u00ed spole\u010dn\u00e9 odpov\u011bdnosti za blaho v\u0161ech d\u011bt\u00ed. \" class=\"wp-image-62578\" srcset=\"https:\/\/oocz.wps.cz\/wp-content\/uploads\/2025\/05\/proc-oslavit-mezinarodni-den-deti.jpg 1200w, https:\/\/oocz.wps.cz\/wp-content\/uploads\/2025\/05\/proc-oslavit-mezinarodni-den-deti-300x158.jpg 300w, https:\/\/oocz.wps.cz\/wp-content\/uploads\/2025\/05\/proc-oslavit-mezinarodni-den-deti-700x368.jpg 700w, https:\/\/oocz.wps.cz\/wp-content\/uploads\/2025\/05\/proc-oslavit-mezinarodni-den-deti-768x403.jpg 768w, https:\/\/oocz.wps.cz\/wp-content\/uploads\/2025\/05\/proc-oslavit-mezinarodni-den-deti-800x420.jpg 800w\" sizes=\"(max-width: 1200px) 100vw, 1200px\" \/><\/figure>\n\n\n\n<p><strong>Kdy\u017e slav\u00edme Mezin\u00e1rodn\u00ed den d\u011bt\u00ed, ve skute\u010dnosti slav\u00edme budoucnost.<\/strong> D\u011bti, kter\u00e9 dnes obj\u00edm\u00e1me a o kter\u00e9 pe\u010dujeme, budou jednou tvo\u0159it sv\u011bt, ve kterem budeme \u017e\u00edt. <strong>Investice do jejich \u0161\u0165astn\u00e9ho d\u011btstv\u00ed je investic\u00ed do na\u0161\u00ed spole\u010dn\u00e9 budoucnosti.<\/strong><\/p>\n\n\n\n<p><strong>Tento den n\u00e1s u\u010d\u00ed trp\u011blivosti, empatii a schopnosti vid\u011bt sv\u011bt o\u010dima d\u00edt\u011bte.<\/strong> P\u0159ipom\u00edn\u00e1 n\u00e1m, \u017ee i v dosp\u011bl\u00e9m sv\u011bt\u011b pln\u00e9m povinnost\u00ed je d\u016fle\u017eit\u00e9 zachovat si kousek t\u00e9 d\u011btsk\u00e9 zv\u011bdavosti a radosti.<\/p>\n\n\n\n<p><strong>Mohlo by v\u00e1s tak\u00e9 zaj\u00edmat: <a href=\"https:\/\/www.ochutnejorech.cz\/blog\/od-kdy-muzou-deti-kokos\" target=\"_blank\" data-type=\"link\" data-id=\"https:\/\/www.ochutnejorech.cz\/blog\/od-kdy-muzou-deti-kokos\" rel=\"noreferrer noopener\">Od kdy m\u016f\u017eou d\u011bti kokos<\/a><\/strong><\/p>\n\n\n\n<h2 class=\"wp-block-heading\"><span class=\"ez-toc-section\" id=\"Casto_kladene_dotazy\"><\/span>\u010casto kladen\u00e9 dotazy<span class=\"ez-toc-section-end\"><\/span><\/h2>\n\n\n<div id=\"rank-math-faq\" class=\"rank-math-block\">\n<div class=\"rank-math-list \">\n<div id=\"faq-question-1748016774608\" class=\"rank-math-list-item\">\n<h3 class=\"rank-math-question \"><span class=\"ez-toc-section\" id=\"Proc_se_Mezinarodni_den_deti_slavi_prave_1_cervna\"><\/span>Pro\u010d se Mezin\u00e1rodn\u00ed den d\u011bt\u00ed slav\u00ed pr\u00e1v\u011b 1. \u010dervna?<span class=\"ez-toc-section-end\"><\/span><\/h3>\n<div class=\"rank-math-answer \">\n\n<p>Datum bylo zvoleno v roce 1925 b\u011bhem konference v \u017denev\u011b a z\u00e1rove\u0148 se ve stejn\u00fd den konala oslava pro sirotky v San Franciscu. Tradice se ujala a 1. \u010derven z\u016fstal v \u0159ad\u011b zem\u00edch symbolick\u00fdm dnem v\u011bnovan\u00fdm d\u011btem.<\/p>\n\n<\/div>\n<\/div>\n<div id=\"faq-question-1748016808847\" class=\"rank-math-list-item\">\n<h3 class=\"rank-math-question \"><span class=\"ez-toc-section\" id=\"Jaky_je_rozdil_mezi_Mezinarodnim_a_Svetovym_dnem_deti\"><\/span>Jak\u00fd je rozd\u00edl mezi Mezin\u00e1rodn\u00edm a Sv\u011btov\u00fdm dnem d\u011bt\u00ed?<span class=\"ez-toc-section-end\"><\/span><\/h3>\n<div class=\"rank-math-answer \">\n\n<p>Mezin\u00e1rodn\u00ed den d\u011bt\u00ed se slav\u00ed 1. \u010dervna a soust\u0159ed\u00ed se na radost a rodinu. Sv\u011btov\u00fd den d\u011bt\u00ed p\u0159ipad\u00e1 na 20. listopad a p\u0159ipom\u00edn\u00e1 pr\u00e1va d\u00edt\u011bte podle dokument\u016f OSN.<\/p>\n\n<\/div>\n<\/div>\n<div id=\"faq-question-1748016903465\" class=\"rank-math-list-item\">\n<h3 class=\"rank-math-question \"><span class=\"ez-toc-section\" id=\"Je_Mezinarodni_den_deti_oficialnim_svatkem\"><\/span>Je Mezin\u00e1rodn\u00ed den d\u011bt\u00ed ofici\u00e1ln\u00edm sv\u00e1tkem?<span class=\"ez-toc-section-end\"><\/span><\/h3>\n<div class=\"rank-math-answer \">\n\n<p>V \u010cesk\u00e9 republice to nen\u00ed st\u00e1tn\u00ed sv\u00e1tek, ale b\u011b\u017en\u011b se slav\u00ed ve \u0161kol\u00e1ch, \u0161kolk\u00e1ch a v rodin\u00e1ch jako v\u00fdznamn\u00fd den.<\/p>\n\n<\/div>\n<\/div>\n<div id=\"faq-question-1748016927348\" class=\"rank-math-list-item\">\n<h3 class=\"rank-math-question \"><span class=\"ez-toc-section\" id=\"Co_detem_darovat\"><\/span>Co d\u011btem darovat?<span class=\"ez-toc-section-end\"><\/span><\/h3>\n<div class=\"rank-math-answer \">\n\n<p>Nejd\u016fle\u017eit\u011bj\u0161\u00ed je spole\u010dn\u011b str\u00e1ven\u00fd \u010das. Pot\u011b\u0161\u00ed i drobnost, jako je sladkost, obl\u00edben\u00e1 kn\u00ed\u017eka nebo z\u00e1\u017eitek, na kter\u00fd se bude vzpom\u00ednat.<\/p>\n\n<\/div>\n<\/div>\n<div id=\"faq-question-1748016957397\" class=\"rank-math-list-item\">\n<h3 class=\"rank-math-question \"><span class=\"ez-toc-section\" id=\"Kdo_slavi_Den_deti\"><\/span>Kdo slav\u00ed Den d\u011bt\u00ed?<span class=\"ez-toc-section-end\"><\/span><\/h3>\n<div class=\"rank-math-answer \">\n\n<p>Den d\u011bt\u00ed slav\u00ed rodiny, \u0161koly, m\u011bsta i r\u016fzn\u00e9 organizace v des\u00edtk\u00e1ch zem\u00ed sv\u011bta v\u010detn\u011b \u010cesk\u00e9 republiky.<\/p>\n\n<\/div>\n<\/div>\n<div id=\"faq-question-1748016985481\" class=\"rank-math-list-item\">\n<h3 class=\"rank-math-question \"><span class=\"ez-toc-section\" id=\"Co_vymyslet_na_Den_deti\"><\/span>Co vymyslet na Den d\u011bt\u00ed?<span class=\"ez-toc-section-end\"><\/span><\/h3>\n<div class=\"rank-math-answer \">\n\n<p>D\u016fle\u017eit\u00fd je z\u00e1\u017eitek, a\u0165 u\u017e jde o v\u00fdlet, tvo\u0159en\u00ed, hry nebo jen odpoledne pln\u00e9 sm\u00edchu a pozornosti. D\u011bti ocen\u00ed, kdy\u017e si na n\u011b ud\u011bl\u00e1te \u010das a v\u011bnujete se jim naplno.<\/p>\n\n<\/div>\n<\/div>\n<\/div>\n<\/div>\n\n\n<h2 class=\"wp-block-heading\"><span class=\"ez-toc-section\" id=\"Zdroje\"><\/span>Zdroje<span class=\"ez-toc-section-end\"><\/span><\/h2>\n\n\n\n<p>Awareness Calendar (2025) <em>International Children&#8217;s Day 2025<\/em>. [online] Dostupn\u00e9 z: <a href=\"https:\/\/www.awarenessdays.com\/awareness-days-calendar\/international-childrens-day-2025\/\" target=\"_blank\" rel=\"noreferrer noopener nofollow\">https:\/\/www.awarenessdays.com\/awareness-days-calendar\/international-childrens-day-2025\/<\/a><\/p>\n\n\n\n<p>Wikipedia (2025) <em>Children&#8217;s Day<\/em> [online] Wikimedia Foundation. Dostupn\u00e9 z: <a href=\"https:\/\/en.wikipedia.org\/wiki\/Children%27s_Day\" target=\"_blank\" rel=\"noreferrer noopener nofollow\">https:\/\/en.wikipedia.org\/wiki\/Children%27s_Day<\/a><\/p>\n","protected":false},"excerpt":{"rendered":"<p>V\u00edte, kdy je Mezin\u00e1rodn\u00ed den d\u011bt\u00ed? Sepsali jsme pro v\u00e1s p\u00e1r zaj\u00edmav\u00fdch informac\u00ed o historii d\u011btsk\u00e9ho dne i tipy, jak ho oslavit. P\u0159e\u010dt\u011bte si \u010dl\u00e1nek.<\/p>\n","protected":false},"author":10,"featured_media":62579,"comment_status":"open","ping_status":"open","sticky":false,"template":"","format":"standard","meta":{"_acf_changed":false,"_lmt_disableupdate":"","_lmt_disable":"","wprm-recipe-roundup-name":"","wprm-recipe-roundup-description":"","footnotes":""},"categories":[391],"tags":[],"class_list":["post-62570","post","type-post","status-publish","format-standard","has-post-thumbnail","hentry","category-lifestyle"],"featured_image_src":"https:\/\/oocz.wps.cz\/wp-content\/uploads\/2025\/05\/1-cervna-mezinarodni-den-deti.jpg","author_info":{"display_name":"Ane\u017eka","author_link":"https:\/\/oocz.wps.cz\/author\/anezka"},"acf":[],"modified_by":"Tereza Vl\u010dkov\u00e1","_links":{"self":[{"href":"https:\/\/oocz.wps.cz\/wp-json\/wp\/v2\/posts\/62570","targetHints":{"allow":["GET"]}}],"collection":[{"href":"https:\/\/oocz.wps.cz\/wp-json\/wp\/v2\/posts"}],"about":[{"href":"https:\/\/oocz.wps.cz\/wp-json\/wp\/v2\/types\/post"}],"author":[{"embeddable":true,"href":"https:\/\/oocz.wps.cz\/wp-json\/wp\/v2\/users\/10"}],"replies":[{"embeddable":true,"href":"https:\/\/oocz.wps.cz\/wp-json\/wp\/v2\/comments?post=62570"}],"version-history":[{"count":10,"href":"https:\/\/oocz.wps.cz\/wp-json\/wp\/v2\/posts\/62570\/revisions"}],"predecessor-version":[{"id":62610,"href":"https:\/\/oocz.wps.cz\/wp-json\/wp\/v2\/posts\/62570\/revisions\/62610"}],"wp:featuredmedia":[{"embeddable":true,"href":"https:\/\/oocz.wps.cz\/wp-json\/wp\/v2\/media\/62579"}],"wp:attachment":[{"href":"https:\/\/oocz.wps.cz\/wp-json\/wp\/v2\/media?parent=62570"}],"wp:term":[{"taxonomy":"category","embeddable":true,"href":"https:\/\/oocz.wps.cz\/wp-json\/wp\/v2\/categories?post=62570"},{"taxonomy":"post_tag","embeddable":true,"href":"https:\/\/oocz.wps.cz\/wp-json\/wp\/v2\/tags?post=62570"}],"curies":[{"name":"wp","href":"https:\/\/api.w.org\/{rel}","templated":true}]}}