{"id":62583,"date":"2025-05-28T12:30:00","date_gmt":"2025-05-28T10:30:00","guid":{"rendered":"https:\/\/ochutnej.top-me.eu\/?p=62583"},"modified":"2025-06-30T13:19:38","modified_gmt":"2025-06-30T11:19:38","slug":"kdy-je-den-ucitelu","status":"publish","type":"post","link":"https:\/\/oocz.wps.cz\/kdy-je-den-ucitelu","title":{"rendered":"Kdy je Den u\u010ditel\u016f a co p\u0159in\u00e9st u\u010ditelce jako pod\u011bkov\u00e1n\u00ed?"},"content":{"rendered":"\n<p>V dob\u011b, kdy se v\u0161ude mluv\u00ed o tom, jak m\u00e1lo u\u010ditel\u016f m\u00e1me, jak jsou p\u0159et\u00ed\u017een\u00ed a jak t\u011b\u017eko se hledaj\u00ed nov\u00ed, by n\u00e1m Den u\u010ditel\u016f m\u011bl p\u0159ipomenout jednu d\u016fle\u017eitou v\u011bc: vzd\u011bl\u00e1v\u00e1n\u00ed nen\u00ed jen o syst\u00e9mech a reform\u00e1ch. Je p\u0159edev\u0161\u00edm o lidech, kte\u0159\u00ed ka\u017ed\u00e9 r\u00e1no vstoup\u00ed do t\u0159\u00eddy a sna\u017e\u00ed se n\u011bco p\u0159edat dal\u0161\u00edm generac\u00edm. <strong>V tomto \u010dl\u00e1nku si pov\u00edme, kdy se v \u010cR Den u\u010ditel\u016f slav\u00ed a jak moc se li\u0161\u00ed od Mezin\u00e1rodn\u00edho dne u\u010ditel\u016f.<\/strong><\/p>\n\n\n\n<div id=\"ez-toc-container\" class=\"ez-toc-v2_0_82_2 counter-hierarchy ez-toc-counter ez-toc-grey ez-toc-container-direction\">\n<div class=\"ez-toc-title-container\">\n<p class=\"ez-toc-title\" style=\"cursor:inherit\">Obsah \u010dl\u00e1nku<\/p>\n<span class=\"ez-toc-title-toggle\"><a href=\"#\" class=\"ez-toc-pull-right ez-toc-btn ez-toc-btn-xs ez-toc-btn-default ez-toc-toggle\" aria-label=\"Toggle Table of Content\"><span class=\"ez-toc-js-icon-con\"><span class=\"\"><span class=\"eztoc-hide\" style=\"display:none;\">Toggle<\/span><span class=\"ez-toc-icon-toggle-span\"><svg style=\"fill: #999;color:#999\" xmlns=\"http:\/\/www.w3.org\/2000\/svg\" class=\"list-377408\" width=\"20px\" height=\"20px\" viewBox=\"0 0 24 24\" fill=\"none\"><path d=\"M6 6H4v2h2V6zm14 0H8v2h12V6zM4 11h2v2H4v-2zm16 0H8v2h12v-2zM4 16h2v2H4v-2zm16 0H8v2h12v-2z\" fill=\"currentColor\"><\/path><\/svg><svg style=\"fill: #999;color:#999\" class=\"arrow-unsorted-368013\" xmlns=\"http:\/\/www.w3.org\/2000\/svg\" width=\"10px\" height=\"10px\" viewBox=\"0 0 24 24\" version=\"1.2\" baseProfile=\"tiny\"><path d=\"M18.2 9.3l-6.2-6.3-6.2 6.3c-.2.2-.3.4-.3.7s.1.5.3.7c.2.2.4.3.7.3h11c.3 0 .5-.1.7-.3.2-.2.3-.5.3-.7s-.1-.5-.3-.7zM5.8 14.7l6.2 6.3 6.2-6.3c.2-.2.3-.5.3-.7s-.1-.5-.3-.7c-.2-.2-.4-.3-.7-.3h-11c-.3 0-.5.1-.7.3-.2.2-.3.5-.3.7s.1.5.3.7z\"\/><\/svg><\/span><\/span><\/span><\/a><\/span><\/div>\n<nav><ul class='ez-toc-list ez-toc-list-level-1 ' ><ul class='ez-toc-list-level-3' ><li class='ez-toc-heading-level-3'><a class=\"ez-toc-link ez-toc-heading-1\" href=\"https:\/\/oocz.wps.cz\/kdy-je-den-ucitelu\/#Shrnuti_pro_ty_kdo_nemaji_cas_cist_cely_clanek\" >Shrnut\u00ed pro ty, kdo nemaj\u00ed \u010das \u010d\u00edst cel\u00fd \u010dl\u00e1nek<\/a><\/li><\/ul><\/li><li class='ez-toc-page-1 ez-toc-heading-level-2'><a class=\"ez-toc-link ez-toc-heading-2\" href=\"https:\/\/oocz.wps.cz\/kdy-je-den-ucitelu\/#Proc_slavime_Den_ucitelu_zrovna_28_brezna\" >Pro\u010d slav\u00edme Den u\u010ditel\u016f zrovna 28. b\u0159ezna?<\/a><ul class='ez-toc-list-level-3' ><li class='ez-toc-heading-level-3'><a class=\"ez-toc-link ez-toc-heading-3\" href=\"https:\/\/oocz.wps.cz\/kdy-je-den-ucitelu\/#Muz_ktery_predbehl_svou_dobu\" >Mu\u017e, kter\u00fd p\u0159edb\u011bhl svou dobu<\/a><\/li><li class='ez-toc-page-1 ez-toc-heading-level-3'><a class=\"ez-toc-link ez-toc-heading-4\" href=\"https:\/\/oocz.wps.cz\/kdy-je-den-ucitelu\/#Od_Komenskeho_k_dnesnimu_Dni_ucitelu\" >Od Komensk\u00e9ho k dne\u0161n\u00edmu Dni u\u010ditel\u016f<\/a><\/li><\/ul><\/li><li class='ez-toc-page-1 ez-toc-heading-level-2'><a class=\"ez-toc-link ez-toc-heading-5\" href=\"https:\/\/oocz.wps.cz\/kdy-je-den-ucitelu\/#Jak_se_slavi_Den_ucitelu_ve_svete\" >Jak se slav\u00ed Den u\u010ditel\u016f ve sv\u011bt\u011b?<\/a><ul class='ez-toc-list-level-3' ><li class='ez-toc-heading-level-3'><a class=\"ez-toc-link ez-toc-heading-6\" href=\"https:\/\/oocz.wps.cz\/kdy-je-den-ucitelu\/#Den_ktery_zmenil_postaveni_ucitelu\" >Den, kter\u00fd zm\u011bnil postaven\u00ed u\u010ditel\u016f<\/a><\/li><li class='ez-toc-page-1 ez-toc-heading-level-3'><a class=\"ez-toc-link ez-toc-heading-7\" href=\"https:\/\/oocz.wps.cz\/kdy-je-den-ucitelu\/#Co_vlastne_Charta_ucitelu_rika\" >Co vlastn\u011b Charta u\u010ditel\u016f \u0159\u00edk\u00e1?<\/a><\/li><\/ul><\/li><li class='ez-toc-page-1 ez-toc-heading-level-2'><a class=\"ez-toc-link ez-toc-heading-8\" href=\"https:\/\/oocz.wps.cz\/kdy-je-den-ucitelu\/#Zlaty_Amos_aneb_kdyz_zaci_vybiraji_nejlepsi_ucitele\" >Zlat\u00fd \u00c1mos aneb kdy\u017e \u017e\u00e1ci vyb\u00edraj\u00ed nejlep\u0161\u00ed u\u010ditele<\/a><ul class='ez-toc-list-level-3' ><li class='ez-toc-heading-level-3'><a class=\"ez-toc-link ez-toc-heading-9\" href=\"https:\/\/oocz.wps.cz\/kdy-je-den-ucitelu\/#Proc_je_tohle_tak_dulezite\" >Pro\u010d je tohle tak d\u016fle\u017eit\u00e9?<\/a><\/li><\/ul><\/li><li class='ez-toc-page-1 ez-toc-heading-level-2'><a class=\"ez-toc-link ez-toc-heading-10\" href=\"https:\/\/oocz.wps.cz\/kdy-je-den-ucitelu\/#Jak_ukazat_ucitelum_ze_si_jich_vazime\" >Jak uk\u00e1zat u\u010ditel\u016fm, \u017ee si jich v\u00e1\u017e\u00edme?<\/a><ul class='ez-toc-list-level-3' ><li class='ez-toc-heading-level-3'><a class=\"ez-toc-link ez-toc-heading-11\" href=\"https:\/\/oocz.wps.cz\/kdy-je-den-ucitelu\/#Male_gesta_velky_vyznam\" >Mal\u00e9 gesta, velk\u00fd v\u00fdznam<\/a><\/li><li class='ez-toc-page-1 ez-toc-heading-level-3'><a class=\"ez-toc-link ez-toc-heading-12\" href=\"https:\/\/oocz.wps.cz\/kdy-je-den-ucitelu\/#Darkovy_kornout_Pro_nejlepsiho_ucitele\" >D\u00e1rkov\u00fd kornout Pro nejlep\u0161\u00edho u\u010ditele<\/a><\/li><li class='ez-toc-page-1 ez-toc-heading-level-3'><a class=\"ez-toc-link ez-toc-heading-13\" href=\"https:\/\/oocz.wps.cz\/kdy-je-den-ucitelu\/#Darkovy_kornout_Pro_nejlepsi_ucitelku\" >D\u00e1rkov\u00fd kornout Pro nejlep\u0161\u00ed u\u010ditelku<\/a><\/li><li class='ez-toc-page-1 ez-toc-heading-level-3'><a class=\"ez-toc-link ez-toc-heading-14\" href=\"https:\/\/oocz.wps.cz\/kdy-je-den-ucitelu\/#Co_udela_ucitelum_nejvetsi_radost\" >Co ud\u011bl\u00e1 u\u010ditel\u016fm nejv\u011bt\u0161\u00ed radost?<\/a><\/li><\/ul><\/li><li class='ez-toc-page-1 ez-toc-heading-level-2'><a class=\"ez-toc-link ez-toc-heading-15\" href=\"https:\/\/oocz.wps.cz\/kdy-je-den-ucitelu\/#Casto_kladene_dotazy\" >\u010casto kladen\u00e9 dotazy<\/a><ul class='ez-toc-list-level-3' ><li class='ez-toc-heading-level-3'><a class=\"ez-toc-link ez-toc-heading-16\" href=\"https:\/\/oocz.wps.cz\/kdy-je-den-ucitelu\/#Co_je_za_den_28_brezna\" >Co je za den 28. b\u0159ezna?<\/a><\/li><li class='ez-toc-page-1 ez-toc-heading-level-3'><a class=\"ez-toc-link ez-toc-heading-17\" href=\"https:\/\/oocz.wps.cz\/kdy-je-den-ucitelu\/#Kdy_maji_svatek_ucitele\" >Kdy maj\u00ed sv\u00e1tek u\u010ditel\u00e9?<\/a><\/li><li class='ez-toc-page-1 ez-toc-heading-level-3'><a class=\"ez-toc-link ez-toc-heading-18\" href=\"https:\/\/oocz.wps.cz\/kdy-je-den-ucitelu\/#Kdo_slavi_Den_ucitelu\" >Kdo slav\u00ed Den u\u010ditel\u016f?<\/a><\/li><li class='ez-toc-page-1 ez-toc-heading-level-3'><a class=\"ez-toc-link ez-toc-heading-19\" href=\"https:\/\/oocz.wps.cz\/kdy-je-den-ucitelu\/#Proc_se_slavi_Den_ucitelu\" >Pro\u010d se slav\u00ed Den u\u010ditel\u016f?<\/a><\/li><\/ul><\/li><li class='ez-toc-page-1 ez-toc-heading-level-2'><a class=\"ez-toc-link ez-toc-heading-20\" href=\"https:\/\/oocz.wps.cz\/kdy-je-den-ucitelu\/#Zdroje\" >Zdroje<\/a><\/li><\/ul><\/nav><\/div>\n<h3 class=\"wp-block-heading\"><span class=\"ez-toc-section\" id=\"Shrnuti_pro_ty_kdo_nemaji_cas_cist_cely_clanek\"><\/span>Shrnut\u00ed pro ty, kdo nemaj\u00ed \u010das \u010d\u00edst cel\u00fd \u010dl\u00e1nek<span class=\"ez-toc-section-end\"><\/span><\/h3>\n\n\n\n<ul class=\"wp-block-list\">\n<li><strong>Den u\u010ditel\u016f slav\u00edme v \u010cR a SR 28. b\u0159ezna na po\u010dest Jana Amose Komensk\u00e9ho,<\/strong> kter\u00fd se v tento den roku 1592 narodil a zm\u011bnil zp\u016fsob, jak p\u0159em\u00fd\u0161l\u00edme o vzd\u011bl\u00e1v\u00e1n\u00ed.<\/li>\n\n\n\n<li><strong>5. \u0159\u00edjna slav\u00ed Mezin\u00e1rodn\u00ed den u\u010ditel\u016f zem\u011b po cel\u00e9m sv\u011bt\u011b.<\/strong><\/li>\n\n\n\n<li><strong>V \u010cesku se 28. b\u0159ezna vyhla\u0161uj\u00ed v\u00fdsledky ankety Zlat\u00fd \u00c1mos, <\/strong>kde \u017e\u00e1ci sami vyb\u00edraj\u00ed sv\u00e9 nejobl\u00edben\u011bj\u0161\u00ed u\u010ditele.<\/li>\n\n\n\n<li><strong><a href=\"https:\/\/www.ochutnejorech.cz\/produkt\/kornout-pro-nejlepsi-ucitelku?varianta=600-g\" target=\"_blank\" data-type=\"link\" data-id=\"https:\/\/www.ochutnejorech.cz\/produkt\/kornout-pro-nejlepsi-ucitelku?varianta=600-g\" rel=\"noreferrer noopener\">Mal\u00e9 pozornosti<\/a> dok\u00e1\u017eou ud\u011blat pedagog\u016fm radost a uk\u00e1zat, \u017ee si jejich pr\u00e1ce v\u00e1\u017e\u00edme.<\/strong><\/li>\n<\/ul>\n\n\n\n<h2 class=\"wp-block-heading\"><span class=\"ez-toc-section\" id=\"Proc_slavime_Den_ucitelu_zrovna_28_brezna\"><\/span>Pro\u010d slav\u00edme Den u\u010ditel\u016f zrovna 28. b\u0159ezna?<span class=\"ez-toc-section-end\"><\/span><\/h2>\n\n\n\n<p>V\u0161echno za\u010dalo jedn\u00edm mu\u017eem, kter\u00fd se narodil p\u0159ed v\u00edce ne\u017e 400 lety v mal\u00e9 moravsk\u00e9 vesni\u010dce. <strong>Jan Amos Komensk\u00fd mo\u017en\u00e1 netu\u0161il, \u017ee jeho my\u0161lenky budou je\u0161t\u011b v 21. stolet\u00ed ovliv\u0148ovat zp\u016fsob, jak u\u010d\u00edme na\u0161e d\u011bti.<\/strong><\/p>\n\n\n\n<p><strong>Mohlo by v\u00e1s zaj\u00edmat: <a href=\"https:\/\/www.ochutnejorech.cz\/blog\/kdy-je-mezinarodni-den-deti\" target=\"_blank\" rel=\"noopener\">Kdy je Mezin\u00e1rodn\u00ed den d\u011bt\u00ed a jak\u00e1 je jeho historie?<\/a><\/strong><\/p>\n\n\n\n<h3 class=\"wp-block-heading\"><span class=\"ez-toc-section\" id=\"Muz_ktery_predbehl_svou_dobu\"><\/span>Mu\u017e, kter\u00fd p\u0159edb\u011bhl svou dobu<span class=\"ez-toc-section-end\"><\/span><\/h3>\n\n\n\n<p>V 17. stolet\u00ed se vzd\u011bl\u00e1n\u00ed t\u00fdkalo jen bohat\u00fdch chlapc\u016f. D\u011bti pracovaly na pol\u00edch m\u00edsto toho, aby sed\u011bly ve \u0161koln\u00edch lavic\u00edch. Do takov\u00e9 doby p\u0159i\u0161el Jan Amos Komensk\u00fd, u\u010ditel z Moravy, s naprosto \u0161\u00edlen\u00fdmi n\u00e1pady:<strong> v\u0161echny d\u011bti by m\u011bly chodit do \u0161koly a m\u011bly by se u\u010dit hrou.<\/strong> Mo\u017en\u00e1 byl mnoh\u00fdmi pova\u017eovan\u00fd za bl\u00e1zna, ale dnes v\u00edme, \u017ee byl g\u00e9nius.<\/p>\n\n\n\n<figure class=\"wp-block-image size-full\"><img decoding=\"async\" width=\"1200\" height=\"630\" src=\"https:\/\/oocz.wps.cz\/wp-content\/uploads\/2025\/05\/den-ucitelu-v-cr.jpg\" alt=\"Den u\u010ditel\u016f v \u010cr\" class=\"wp-image-62586\" srcset=\"https:\/\/oocz.wps.cz\/wp-content\/uploads\/2025\/05\/den-ucitelu-v-cr.jpg 1200w, https:\/\/oocz.wps.cz\/wp-content\/uploads\/2025\/05\/den-ucitelu-v-cr-300x158.jpg 300w, https:\/\/oocz.wps.cz\/wp-content\/uploads\/2025\/05\/den-ucitelu-v-cr-700x368.jpg 700w, https:\/\/oocz.wps.cz\/wp-content\/uploads\/2025\/05\/den-ucitelu-v-cr-768x403.jpg 768w, https:\/\/oocz.wps.cz\/wp-content\/uploads\/2025\/05\/den-ucitelu-v-cr-800x420.jpg 800w\" sizes=\"(max-width: 1200px) 100vw, 1200px\" \/><\/figure>\n\n\n\n<p>Jeho <strong>Didaktika magna<\/strong> nen\u00ed nudn\u00e1 pedagogick\u00e1 p\u0159\u00edru\u010dka, jak by se mohlo zd\u00e1t. Je to manifest revoluce ve vzd\u011bl\u00e1v\u00e1n\u00ed. Komensk\u00fd jako prvn\u00ed \u0159\u00edkal v\u011bci, kter\u00e9 dnes u\u017e pova\u017eujeme za samoz\u0159ejmost, nap\u0159\u00edklad, \u017ee se m\u00e1 postupovat od jednoduch\u00e9ho ke slo\u017eit\u011bj\u0161\u00edmu, \u017ee v\u00fduka m\u00e1 b\u00fdt n\u00e1zorn\u00e1 a \u017ee d\u011bti pot\u0159ebuj\u00ed opakovat.<\/p>\n\n\n\n<p>Ale nejrevolu\u010dn\u011bj\u0161\u00ed byla jeho my\u0161lenka o <strong>povinn\u00e9 \u0161koln\u00ed doch\u00e1zce<\/strong>. V 17. stolet\u00ed! Kdy\u017e si uv\u011bdom\u00edte, \u017ee n\u011bkter\u00e9 zem\u011b zavedly povinnou \u0161koln\u00ed doch\u00e1zku a\u017e o 200 let pozd\u011bji, pochop\u00edte, jak daleko p\u0159ed svou dobou Komensk\u00fd byl.<\/p>\n\n\n\n<p><strong>Mohlo by v\u00e1s tak\u00e9 zaj\u00edmat: <a href=\"https:\/\/www.ochutnejorech.cz\/blog\/mezinarodni-den-rodiny\" target=\"_blank\" data-type=\"link\" data-id=\"https:\/\/www.ochutnejorech.cz\/blog\/mezinarodni-den-rodiny\" rel=\"noreferrer noopener\">Kdy je mezin\u00e1rodn\u00ed den rodiny a jak se slav\u00ed?<\/a><\/strong><\/p>\n\n\n\n<h3 class=\"wp-block-heading\"><span class=\"ez-toc-section\" id=\"Od_Komenskeho_k_dnesnimu_Dni_ucitelu\"><\/span>Od Komensk\u00e9ho k dne\u0161n\u00edmu Dni u\u010ditel\u016f<span class=\"ez-toc-section-end\"><\/span><\/h3>\n\n\n\n<p>\u010ceskoslovensk\u00e1 vl\u00e1da v roce 1955 nevybrala datum 28. b\u0159ezna n\u00e1hodou. Cht\u011bla p\u0159ipomenout, \u017ee na\u0161e tradice vzd\u011bl\u00e1v\u00e1n\u00ed m\u00e1 hlubok\u00e9 ko\u0159eny a \u017ee m\u00e1me na co navazovat. <strong>Den u\u010ditel\u016f<\/strong> <strong>se tak stal nejen oslavou sou\u010dasn\u00fdch pedagog\u016f, ale i poctou mu\u017ei, kter\u00fd se 28. b\u0159ezna narodil a polo\u017eil z\u00e1klady modern\u00ed \u0161koly.<\/strong><\/p>\n\n\n\n<p>A v\u00edte co? <strong>Komensk\u00e9ho my\u0161lenky jsou dnes aktu\u00e1ln\u011bj\u0161\u00ed ne\u017e kdy jindy.<\/strong> Kdy\u017e u\u010ditelka na z\u00e1kladce pou\u017e\u00edv\u00e1 tablety k v\u00fduce matematiky, vlastn\u011b realizuje jeho p\u0159edstavu o n\u00e1zorn\u00e9m vyu\u010dov\u00e1n\u00ed. Kdy\u017e se na st\u0159edn\u00ed \u0161kole \u017e\u00e1ci u\u010d\u00ed projektovou metodou, jdou v Komensk\u00e9ho stop\u00e1ch.<\/p>\n\n\n\n<figure class=\"wp-block-image size-full\"><img decoding=\"async\" width=\"1200\" height=\"630\" src=\"https:\/\/oocz.wps.cz\/wp-content\/uploads\/2025\/05\/proc-se-slavi-den-ucitelu.jpg\" alt=\"Pro\u010d se slav\u00ed Den u\u010ditel\u016f\" class=\"wp-image-62587\" srcset=\"https:\/\/oocz.wps.cz\/wp-content\/uploads\/2025\/05\/proc-se-slavi-den-ucitelu.jpg 1200w, https:\/\/oocz.wps.cz\/wp-content\/uploads\/2025\/05\/proc-se-slavi-den-ucitelu-300x158.jpg 300w, https:\/\/oocz.wps.cz\/wp-content\/uploads\/2025\/05\/proc-se-slavi-den-ucitelu-700x368.jpg 700w, https:\/\/oocz.wps.cz\/wp-content\/uploads\/2025\/05\/proc-se-slavi-den-ucitelu-768x403.jpg 768w, https:\/\/oocz.wps.cz\/wp-content\/uploads\/2025\/05\/proc-se-slavi-den-ucitelu-800x420.jpg 800w\" sizes=\"(max-width: 1200px) 100vw, 1200px\" \/><\/figure>\n\n\n\n<h2 class=\"wp-block-heading\"><span class=\"ez-toc-section\" id=\"Jak_se_slavi_Den_ucitelu_ve_svete\"><\/span>Jak se slav\u00ed Den u\u010ditel\u016f ve sv\u011bt\u011b?<span class=\"ez-toc-section-end\"><\/span><\/h2>\n\n\n\n<p>Zat\u00edmco my \u010ce\u0161i a Slov\u00e1ci m\u00e1me sv\u016fj <strong>Den u\u010ditel\u016f<\/strong> <strong>28. b\u0159ezna,<\/strong> v\u011bt\u0161ina zem\u00ed sv\u011bta se p\u0159ipojuje k oslav\u00e1m <strong>5. \u0159\u00edjna<\/strong>, tedy na <strong>Mezin\u00e1rodn\u00ed den u\u010ditel\u016f.<\/strong> I tohle datum m\u00e1 svou vlastn\u00ed fascinuj\u00edc\u00ed historii.<\/p>\n\n\n\n<h3 class=\"wp-block-heading\"><span class=\"ez-toc-section\" id=\"Den_ktery_zmenil_postaveni_ucitelu\"><\/span>Den, kter\u00fd zm\u011bnil postaven\u00ed u\u010ditel\u016f<span class=\"ez-toc-section-end\"><\/span><\/h3>\n\n\n\n<p><strong>Sv\u011btov\u00fd den u\u010ditel\u016f<\/strong> vznikl v roce 1994, kdy ho vyhl\u00e1silo UNESCO. Ale pro\u010d zrovna 5. \u0159\u00edjna? Proto\u017ee pr\u00e1v\u011b v tento den, konkr\u00e9tn\u011b v roce 1966, se stala jedna z nejd\u016fle\u017eit\u011bj\u0161\u00edch v\u011bc\u00ed v historii vzd\u011bl\u00e1v\u00e1n\u00ed \u2013 <strong>na mezivl\u00e1dn\u00ed konferenci v Pa\u0159\u00ed\u017ei byla p\u0159ijata takzvan\u00e1 Charta u\u010ditel\u016f<\/strong>.<\/p>\n\n\n\n<p>Mo\u017en\u00e1 si \u0159\u00edk\u00e1te: \u201eCharta u\u010ditel\u016f? To zn\u00ed p\u011bkn\u011b nudn\u011b.\u201d Ale ve skute\u010dnosti \u0161lo o \u0440r\u016flomov\u00fd dokument. <strong>Poprv\u00e9 v historii se st\u00e1ty sv\u011bta dohodly na tom, jak\u00e1 pr\u00e1va a povinnosti by m\u011bli m\u00edt u\u010ditel\u00e9, jak by m\u011bli b\u00fdt p\u0159ipravov\u00e1ni na svou profesi a za jak\u00fdch podm\u00ednek by m\u011bli pracovat.<\/strong><\/p>\n\n\n\n<p>Byla to doba studen\u00e9 v\u00e1lky, kdy se st\u00e1ty na v\u00fdchod\u011b a z\u00e1pad\u011b nedok\u00e1zaly shodnout skoro na ni\u010dem. Ale na jedn\u00e9 v\u011bci ano: <strong>u\u010ditel\u00e9 si zaslou\u017e\u00ed d\u016fstojn\u00e9 podm\u00ednky a respekt.<\/strong> To samo o sob\u011b byl mal\u00fd z\u00e1zrak.<\/p>\n\n\n\n<figure class=\"wp-block-image size-full\"><img decoding=\"async\" width=\"1200\" height=\"630\" src=\"https:\/\/oocz.wps.cz\/wp-content\/uploads\/2025\/05\/mezinarodni-den-ucitelu.jpg\" alt=\"Mezin\u00e1rodn\u00ed den u\u010ditel\u016f\" class=\"wp-image-62588\" srcset=\"https:\/\/oocz.wps.cz\/wp-content\/uploads\/2025\/05\/mezinarodni-den-ucitelu.jpg 1200w, https:\/\/oocz.wps.cz\/wp-content\/uploads\/2025\/05\/mezinarodni-den-ucitelu-300x158.jpg 300w, https:\/\/oocz.wps.cz\/wp-content\/uploads\/2025\/05\/mezinarodni-den-ucitelu-700x368.jpg 700w, https:\/\/oocz.wps.cz\/wp-content\/uploads\/2025\/05\/mezinarodni-den-ucitelu-768x403.jpg 768w, https:\/\/oocz.wps.cz\/wp-content\/uploads\/2025\/05\/mezinarodni-den-ucitelu-800x420.jpg 800w\" sizes=\"(max-width: 1200px) 100vw, 1200px\" \/><\/figure>\n\n\n\n<h3 class=\"wp-block-heading\"><span class=\"ez-toc-section\" id=\"Co_vlastne_Charta_ucitelu_rika\"><\/span>Co vlastn\u011b Charta u\u010ditel\u016f \u0159\u00edk\u00e1?<span class=\"ez-toc-section-end\"><\/span><\/h3>\n\n\n\n<p>Charta u\u010ditel\u016f <strong>je vlastn\u011b prohl\u00e1\u0161en\u00ed o tom, \u017ee jsou <strong>u\u010ditel\u00e9<\/strong> d\u016fle\u017eit\u00ed a \u017ee by s nimi m\u011blo b\u00fdt zach\u00e1zeno odpov\u00eddaj\u00edc\u00edm zp\u016fsobem.<\/strong> Stanovuje nap\u0159\u00edklad, \u017ee u\u010ditel\u00e9 by m\u011bli m\u00edt svobodu ve v\u00fdb\u011bru metod v\u00fduky, \u017ee by m\u011bli b\u00fdt zapojov\u00e1ni do rozhodov\u00e1n\u00ed o vzd\u011bl\u00e1vac\u00ed politice, nebo \u017ee si zaslou\u017e\u00ed slu\u0161n\u00e9 platy.<\/p>\n\n\n\n<p>V roce 1997 p\u0159ibylo je\u0161t\u011b dopln\u011bn\u00ed t\u00fdkaj\u00edc\u00ed se <strong>vysoko\u0161kolsk\u00fdch pedagog\u016f, <\/strong>proto\u017ee i ti pot\u0159ebovali sv\u00e1 pravidla a ochranu.<\/p>\n\n\n\n<h2 class=\"wp-block-heading\"><span class=\"ez-toc-section\" id=\"Zlaty_Amos_aneb_kdyz_zaci_vybiraji_nejlepsi_ucitele\"><\/span>Zlat\u00fd \u00c1mos aneb kdy\u017e \u017e\u00e1ci vyb\u00edraj\u00ed nejlep\u0161\u00ed u\u010ditele<span class=\"ez-toc-section-end\"><\/span><\/h2>\n\n\n\n<p>Jedna v\u011bc, na kterou m\u016f\u017eeme b\u00fdt v \u010cesku py\u0161n\u00ed, je anketa o nejobl\u00edben\u011bj\u0161\u00edho u\u010ditele, <strong>Zlat\u00fd \u00c1mos<\/strong>. Prob\u00edh\u00e1 u\u017e od roku 1994 a m\u00e1 \u00fa\u017easnou vlastnost: <strong>nominovat u\u010ditele mohou jen \u017e\u00e1ci<\/strong>.<\/p>\n\n\n\n<h3 class=\"wp-block-heading\"><span class=\"ez-toc-section\" id=\"Proc_je_tohle_tak_dulezite\"><\/span>Pro\u010d je tohle tak d\u016fle\u017eit\u00e9?<span class=\"ez-toc-section-end\"><\/span><\/h3>\n\n\n\n<p>Proto\u017ee \u017e\u00e1ci v\u011bd\u00ed nejl\u00edp, kter\u00fd u\u010ditel je dobr\u00fd. Nehodnot\u00ed jen to, jestli um\u00ed sv\u016fj obor, to se d\u00e1 n\u011bjak p\u0159edpokl\u00e1dat. <strong>Hodnot\u00ed, jestli dok\u00e1\u017ee zaujmout, jestli je spravedliv\u00fd, jestli m\u00e1 smysl pro humor a jestli o n\u011b m\u00e1 opravdov\u00fd z\u00e1jem.<\/strong><\/p>\n\n\n\n<p>Kdy\u017e si p\u0159e\u010dtete nominace na Zlat\u00e9ho \u00c1mose, \u010dasto se dozv\u00edte o p\u0159\u00edb\u011bz\u00edch, kter\u00e9 v\u00e1s dostanou. U\u010ditel, kter\u00fd z\u016fstal po \u0161kole se \u017e\u00e1kem, kter\u00e9mu se neda\u0159ilo. U\u010ditelka, kter\u00e1 si v\u0161imla, \u017ee m\u00e1 \u017e\u00e1k probl\u00e9my doma, a diskr\u00e9tn\u011b mu pomohla. Pedagog, kter\u00fd dok\u00e1zal rozdm\u00fdchat l\u00e1sku k p\u0159edm\u011btu, kter\u00fd \u017e\u00e1ci p\u0159edt\u00edm nen\u00e1vid\u011bli.<\/p>\n\n\n\n<figure class=\"wp-block-image size-full\"><img decoding=\"async\" width=\"1200\" height=\"630\" src=\"https:\/\/oocz.wps.cz\/wp-content\/uploads\/2025\/05\/den-ucitelu-podekovani.jpg\" alt=\"Pod\u011bkov\u00e1n\u00ed na Den u\u010ditel\u016f\" class=\"wp-image-62589\" srcset=\"https:\/\/oocz.wps.cz\/wp-content\/uploads\/2025\/05\/den-ucitelu-podekovani.jpg 1200w, https:\/\/oocz.wps.cz\/wp-content\/uploads\/2025\/05\/den-ucitelu-podekovani-300x158.jpg 300w, https:\/\/oocz.wps.cz\/wp-content\/uploads\/2025\/05\/den-ucitelu-podekovani-700x368.jpg 700w, https:\/\/oocz.wps.cz\/wp-content\/uploads\/2025\/05\/den-ucitelu-podekovani-768x403.jpg 768w, https:\/\/oocz.wps.cz\/wp-content\/uploads\/2025\/05\/den-ucitelu-podekovani-800x420.jpg 800w\" sizes=\"(max-width: 1200px) 100vw, 1200px\" \/><\/figure>\n\n\n\n<p><strong>To jsou ti prav\u00ed u\u010ditel\u00e9.<\/strong> Nejen ti s tituly a certifik\u00e1ty, ale ti, kte\u0159\u00ed dok\u00e1\u017eou <strong>zm\u011bnit \u017eivot sv\u00fdch \u017e\u00e1k\u016f k lep\u0161\u00edmu.<\/strong><\/p>\n\n\n\n<h2 class=\"wp-block-heading\"><span class=\"ez-toc-section\" id=\"Jak_ukazat_ucitelum_ze_si_jich_vazime\"><\/span>Jak uk\u00e1zat u\u010ditel\u016fm, \u017ee si jich v\u00e1\u017e\u00edme?<span class=\"ez-toc-section-end\"><\/span><\/h2>\n\n\n\n<p>Den u\u010ditel\u016f nen\u00ed jen o tom, \u017ee si jednou za rok vzpomeneme na svoje pedagogy. Je o tom, jak jim m\u016f\u017eeme uk\u00e1zat, \u017ee jejich pr\u00e1ce m\u00e1 smysl.<\/p>\n\n\n\n<h3 class=\"wp-block-heading\"><span class=\"ez-toc-section\" id=\"Male_gesta_velky_vyznam\"><\/span>Mal\u00e9 gesta, velk\u00fd v\u00fdznam<span class=\"ez-toc-section-end\"><\/span><\/h3>\n\n\n\n<p>Nejdra\u017e\u0161\u00ed d\u00e1rky \u010dasto nejsou ty nejlep\u0161\u00ed. U\u010ditel\u00e9 si cen\u00ed pozornost\u00ed, ze kter\u00fdch je c\u00edtit, \u017ee si na n\u011b n\u011bkdo opravdu vzpomn\u011bl. <strong>Ru\u010dn\u011b psan\u00e9 p\u0159\u00e1n\u00ed od \u017e\u00e1ka m\u00e1 v\u011bt\u0161\u00ed hodnotu ne\u017e drah\u00fd d\u00e1rek bez du\u0161e.<\/strong><\/p>\n\n\n\n<p>Ale samoz\u0159ejm\u011b, mal\u00e1 pozornost pot\u011b\u0161\u00ed ka\u017ed\u00e9ho. <strong><a href=\"https:\/\/www.ochutnejorech.cz\/produkt\/kornout-pro-nejlepsi-ucitelku?varianta=600-g\" data-type=\"link\" data-id=\"https:\/\/www.ochutnejorech.cz\/produkt\/kornout-pro-nejlepsi-ucitelku?varianta=600-g\" target=\"_blank\" rel=\"noreferrer noopener\">D\u00e1rkov\u00fd kornout Pro nejlep\u0161\u00ed u\u010ditelku<\/a><\/strong> nebo <strong><a href=\"https:\/\/www.ochutnejorech.cz\/produkt\/kornout-pro-nejlepsiho-ucitele?varianta=600-g\" data-type=\"link\" data-id=\"https:\/\/www.ochutnejorech.cz\/produkt\/kornout-pro-nejlepsiho-ucitele?varianta=600-g\" target=\"_blank\" rel=\"noreferrer noopener\">Pro nejlep\u0161\u00edho u\u010ditele<\/a><\/strong> s vybran\u00fdmi dobr\u016ftkami je zp\u016fsob, jak \u0159\u00edct: \u201eD\u011bkujeme V\u00e1m za to, co pro n\u00e1s d\u011bl\u00e1te.\u201d Vi\u0161n\u011b v jogurtu, ke\u0161u o\u0159\u00ed\u0161ky, <strong>mandle v \u010dokol\u00e1d\u011b <\/strong>jim zp\u0159\u00edjemn\u00ed den.<\/p>\n\n\n\n<div class=\"product-grid\">\n\n        <div class=\"product-card\"\n             data-product-id=\"B22-01-0005-03\"\n             data-product-category=\"D\u00e1rky | D\u00e1rky podle typu | D\u00e1rkov\u00e9 kornouty\"\n             data-variant-id=\"_000000B0M\"\n             data-product-price-with-vat=\"299\"\n             data-product-price-without-vat=\"254.15\"\n             data-product-url=\"https:\/\/www.ochutnejorech.cz\/produkt\/kornout-pro-nejlepsiho-ucitele?varianta=600-g\"\n             data-product-deliver-availability=\"\"\n             data-product-currency=\"CZK\"\n             data-product-variant-name=\"600 g\">\n\n            <div class=\"product-card-inner-wrapper\">\n\n                                <div class=\"product-title-section\">\n                    <a href=\"https:\/\/www.ochutnejorech.cz\/produkt\/kornout-pro-nejlepsiho-ucitele?varianta=600-g\" target=\"_blank\" rel=\"noopener\">\n                        <div class=\"product-image-wrapper\">\n                            <img decoding=\"async\" class=\"product-image\" src=\"https:\/\/cdn.ochutnejorech.cz\/cdn-cgi\/image\/w=225\/images\/cmaawo8ir0zaocf02l9nbu2gl\/u_itel.webp\" alt=\"D\u00e1rkov\u00fd kornout Pro nejlep\u0161\u00edho u\u010ditele\">\n                        <\/div>\n\n                        <h3 class=\"product-title\"><span class=\"ez-toc-section\" id=\"Darkovy_kornout_Pro_nejlepsiho_ucitele\"><\/span>D\u00e1rkov\u00fd kornout Pro nejlep\u0161\u00edho u\u010ditele<span class=\"ez-toc-section-end\"><\/span><\/h3>\n                    <\/a>\n                <\/div>\n                \n                <div class=\"product-info-wrapper\">\n                    <span class=\"product-shipping\">Nedostupn\u00e9<\/span>\n                                                            <span class=\"product-pricesss\">299 K\u010d<\/span>\n                                                    <\/div>\n                    <span class=\"product-description\">1 kus = 600g &#8211; foto pouze ilustra\u010dn\u00ed se 2 kusy. Vyj\u00e1d\u0159ete sv\u016fj vd\u011bk u\u010ditel\u016fm origin\u00e1ln\u00edm a chutn\u00fdm zp\u016fsobem! N\u00e1\u0161 d\u00e1rkov\u00fd kornout Pro nejlep\u0161\u00edho u\u010ditele obsahuje lahodnou sm\u011bs vi\u0161n\u00ed v jogurtu, pr\u00e9miov\u00fdch natur\u00e1ln\u00edch ke\u0161u, jahodov\u00fdch mandl\u00ed v b\u00edl\u00e9 \u010dokol\u00e1d\u011b a ke\u0161u ve slan\u00e9m karamelu. Ide\u00e1ln\u00ed d\u00e1rek, kter\u00fd pot\u011b\u0161\u00ed ka\u017ed\u00e9ho pedagoga a uk\u00e1\u017ee, jak moc si v\u00e1\u017e\u00edte jeho pr\u00e1ce.<\/span>\n                    <div class=\"product-button-wrapper\">\n                                                    <button class=\"product-button\" disabled>Nedostupn\u00e9<\/button>\n                                            <\/div>\n\n            <\/div>\n        <\/div>\n        <div class=\"product-card\"\n             data-product-id=\"B22-01-0005-04\"\n             data-product-category=\"D\u00e1rky | D\u00e1rky podle typu | D\u00e1rkov\u00e9 kornouty\"\n             data-variant-id=\"_000000B0N\"\n             data-product-price-with-vat=\"299\"\n             data-product-price-without-vat=\"254.15\"\n             data-product-url=\"https:\/\/www.ochutnejorech.cz\/produkt\/kornout-pro-nejlepsi-ucitelku?varianta=600-g\"\n             data-product-deliver-availability=\"\"\n             data-product-currency=\"CZK\"\n             data-product-variant-name=\"600 g\">\n\n            <div class=\"product-card-inner-wrapper\">\n\n                                <div class=\"product-title-section\">\n                    <a href=\"https:\/\/www.ochutnejorech.cz\/produkt\/kornout-pro-nejlepsi-ucitelku?varianta=600-g\" target=\"_blank\" rel=\"noopener\">\n                        <div class=\"product-image-wrapper\">\n                            <img decoding=\"async\" class=\"product-image\" src=\"https:\/\/cdn.ochutnejorech.cz\/cdn-cgi\/image\/w=225\/images\/cmaawyds80zd7cf02urkc65yi\/u_itelka.webp\" alt=\"D\u00e1rkov\u00fd kornout Pro nejlep\u0161\u00ed u\u010ditelku\">\n                        <\/div>\n\n                        <h3 class=\"product-title\"><span class=\"ez-toc-section\" id=\"Darkovy_kornout_Pro_nejlepsi_ucitelku\"><\/span>D\u00e1rkov\u00fd kornout Pro nejlep\u0161\u00ed u\u010ditelku<span class=\"ez-toc-section-end\"><\/span><\/h3>\n                    <\/a>\n                <\/div>\n                \n                <div class=\"product-info-wrapper\">\n                    <span class=\"product-shipping\">Nedostupn\u00e9<\/span>\n                                                            <span class=\"product-pricesss\">299 K\u010d<\/span>\n                                                    <\/div>\n                    <span class=\"product-description\">1 kus = 600g &#8211; foto pouze ilustra\u010dn\u00ed se 2 kusy. Vyj\u00e1d\u0159ete sv\u016fj vd\u011bk v\u0161em u\u010ditelk\u00e1m origin\u00e1ln\u00edm a chutn\u00fdm zp\u016fsobem! N\u00e1\u0161 d\u00e1rkov\u00fd kornout Pro nejlep\u0161\u00ed u\u010ditelku obsahuje lahodnou sm\u011bs vi\u0161n\u00ed v jogurtu, pr\u00e9miov\u00fdch natur\u00e1ln\u00edch ke\u0161u, jahodov\u00fdch mandl\u00ed v b\u00edl\u00e9 \u010dokol\u00e1d\u011b a ke\u0161u ve slan\u00e9m karamelu. Ide\u00e1ln\u00ed d\u00e1rek, kter\u00fd pot\u011b\u0161\u00ed ka\u017edou pedago\u017eku a uk\u00e1\u017ee, jak moc si v\u00e1\u017e\u00edte jej\u00ed pr\u00e1ce.<\/span>\n                    <div class=\"product-button-wrapper\">\n                                                    <button class=\"product-button\" disabled>Nedostupn\u00e9<\/button>\n                                            <\/div>\n\n            <\/div>\n        <\/div>\n\n<\/div>\n\n\n\n<h3 class=\"wp-block-heading\"><span class=\"ez-toc-section\" id=\"Co_udela_ucitelum_nejvetsi_radost\"><\/span>Co ud\u011bl\u00e1 u\u010ditel\u016fm nejv\u011bt\u0161\u00ed radost?<span class=\"ez-toc-section-end\"><\/span><\/h3>\n\n\n\n<p>Ale v\u00edte, co ud\u011bl\u00e1 u\u010diteli opravdu velkou radost? <strong>Respekt<\/strong>. Kdy\u017e rodi\u010de p\u0159ed d\u011btmi mluv\u00ed o \u0161kole a u\u010ditel\u00edch s \u00factou. Kdy\u017e podporuj\u00ed u\u010ditelova rozhodnut\u00ed i tehdy, kdy\u017e se jim nel\u00edb\u00ed. Kdy\u017e ch\u00e1pou, \u017ee u\u010ditel d\u011bl\u00e1 pro jejich d\u00edt\u011b maximum v r\u00e1mci mo\u017enost\u00ed, kter\u00e9 m\u00e1.<\/p>\n\n\n\n<p><strong>TIP: Co takhle si ud\u011blat radost?Vyzkou\u0161ejte na\u0161e lahodn\u00e9 <a href=\"https:\/\/www.ochutnejorech.cz\/produkt\/mandle-se-skorici-v-mlecne-cokolade\" target=\"_blank\" rel=\"noreferrer noopener\">mandle v \u010dokol\u00e1d\u011b se sko\u0159ic\u00ed<\/a>,<a href=\"https:\/\/www.ochutnejorech.cz\/produkt\/lyofilizovane-maliny-mrazem-susene?varianta=30-g\" target=\"_blank\" rel=\"noreferrer noopener\"> lyofilizovan\u00e9 maliny<\/a> nebo si po\u0159i\u010fte<a href=\"https:\/\/www.ochutnejorech.cz\/produkt\/mandle-jadra-loupana-23-25-velka?varianta=1-kg\" target=\"_blank\" rel=\"noreferrer noopener\"> mandle loupan\u00e9 1 kg <\/a>a n\u011bco dobr\u00e9ho si upe\u010dte.<\/strong><\/p>\n\n\n\n<h2 class=\"wp-block-heading\"><span class=\"ez-toc-section\" id=\"Casto_kladene_dotazy\"><\/span>\u010casto kladen\u00e9 dotazy<span class=\"ez-toc-section-end\"><\/span><\/h2>\n\n\n<div id=\"rank-math-faq\" class=\"rank-math-block\">\n<div class=\"rank-math-list \">\n<div id=\"faq-question-1748029655137\" class=\"rank-math-list-item\">\n<h3 class=\"rank-math-question \"><span class=\"ez-toc-section\" id=\"Co_je_za_den_28_brezna\"><\/span>Co je za den 28. b\u0159ezna?<span class=\"ez-toc-section-end\"><\/span><\/h3>\n<div class=\"rank-math-answer \">\n\n<p>28. b\u0159ezna slav\u00edme Den u\u010ditel\u016f na po\u010dest narozen\u00ed Jana Amose Komensk\u00e9ho, zakladatele modern\u00ed pedagogiky.<\/p>\n\n<\/div>\n<\/div>\n<div id=\"faq-question-1748029680583\" class=\"rank-math-list-item\">\n<h3 class=\"rank-math-question \"><span class=\"ez-toc-section\" id=\"Kdy_maji_svatek_ucitele\"><\/span>Kdy maj\u00ed sv\u00e1tek u\u010ditel\u00e9?<span class=\"ez-toc-section-end\"><\/span><\/h3>\n<div class=\"rank-math-answer \">\n\n<p>U\u010ditel\u00e9 slav\u00ed sv\u016fj sv\u00e1tek 28. b\u0159ezna v \u010cesku a na Slovensku a 5. \u0159\u00edjna celosv\u011btov\u011b na Mezin\u00e1rodn\u00ed den u\u010ditel\u016f.<\/p>\n\n<\/div>\n<\/div>\n<div id=\"faq-question-1748029720368\" class=\"rank-math-list-item\">\n<h3 class=\"rank-math-question \"><span class=\"ez-toc-section\" id=\"Kdo_slavi_Den_ucitelu\"><\/span>Kdo slav\u00ed Den u\u010ditel\u016f?<span class=\"ez-toc-section-end\"><\/span><\/h3>\n<div class=\"rank-math-answer \">\n\n<p>Den u\u010ditel\u016f slav\u00ed \u017e\u00e1ci, \u0161koly a ve\u0159ejnost, aby pod\u011bkovali pedagog\u016fm. V \u010cr se zapojuj\u00ed i rodi\u010de, \u010dasto s p\u0159\u00e1n\u00edm nebo mal\u00fdm d\u00e1rkem pro u\u010ditele.<\/p>\n\n<\/div>\n<\/div>\n<div id=\"faq-question-1748029767903\" class=\"rank-math-list-item\">\n<h3 class=\"rank-math-question \"><span class=\"ez-toc-section\" id=\"Proc_se_slavi_Den_ucitelu\"><\/span>Pro\u010d se slav\u00ed Den u\u010ditel\u016f?<span class=\"ez-toc-section-end\"><\/span><\/h3>\n<div class=\"rank-math-answer \">\n\n<p>Den u\u010ditel\u016f p\u0159ipom\u00edn\u00e1 v\u00fdznam vzd\u011bl\u00e1v\u00e1n\u00ed a vyzdvihuje pr\u00e1ci t\u011bch, kte\u0159\u00ed u\u010d\u00ed dal\u0161\u00ed generace. Je to p\u0159\u00edle\u017eitost projevit \u00factu, t\u0159eba i formou p\u0159\u00e1n\u00ed nebo symbolick\u00e9ho d\u00e1rku.<\/p>\n\n<\/div>\n<\/div>\n<\/div>\n<\/div>\n\n\n<h2 class=\"wp-block-heading\"><span class=\"ez-toc-section\" id=\"Zdroje\"><\/span>Zdroje<span class=\"ez-toc-section-end\"><\/span><\/h2>\n\n\n\n<p>UNESCO (2024a) <em>World Teachers&#8216; Day<\/em> [online]. Dostupn\u00e9 z: <a href=\"https:\/\/www.unesco.org\/en\/days\/teachers\" target=\"_blank\" rel=\"noreferrer noopener nofollow\">https:\/\/www.unesco.org\/en\/days\/teachers<\/a><\/p>\n\n\n\n<p>Wikipedia (2024) <em>Den u\u010ditel\u016f<\/em> [online]. Dostupn\u00e9 z: <a href=\"https:\/\/cs.wikipedia.org\/wiki\/Den_u%C4%8Ditel%C5%AF\" target=\"_blank\" rel=\"noreferrer noopener nofollow\">https:\/\/cs.wikipedia.org\/wiki\/Den_u\u010ditel\u016f<\/a><\/p>\n\n\n\n<p>International Days. (bez data). <em>World Teachers Day<\/em>. Dostupn\u00e9 z: <a href=\"https:\/\/www.internationaldays.org\/october\/worldteachersday\" target=\"_blank\" rel=\"noreferrer noopener nofollow\">https:\/\/www.internationaldays.org\/october\/worldteachersday<\/a><\/p>\n","protected":false},"excerpt":{"rendered":"<p>P\u0159e\u010dt\u011bte si, kdy je Den u\u010ditel\u016f a v \u010dem se li\u0161\u00ed od Mezin\u00e1rodn\u00edho dne u\u010ditel\u016f. Pov\u00edme v\u00e1m, co se v tyto dny hod\u00ed p\u0159in\u00e9st jako pod\u011bkov\u00e1n\u00ed.<\/p>\n","protected":false},"author":10,"featured_media":62591,"comment_status":"open","ping_status":"open","sticky":false,"template":"","format":"standard","meta":{"_acf_changed":false,"_lmt_disableupdate":"","_lmt_disable":"","wprm-recipe-roundup-name":"","wprm-recipe-roundup-description":"","footnotes":""},"categories":[391],"tags":[],"class_list":["post-62583","post","type-post","status-publish","format-standard","has-post-thumbnail","hentry","category-lifestyle"],"featured_image_src":"https:\/\/oocz.wps.cz\/wp-content\/uploads\/2025\/05\/den-ucitelu.jpg","author_info":{"display_name":"Ane\u017eka","author_link":"https:\/\/oocz.wps.cz\/author\/anezka"},"acf":[],"modified_by":"Pavl\u00edna","_links":{"self":[{"href":"https:\/\/oocz.wps.cz\/wp-json\/wp\/v2\/posts\/62583","targetHints":{"allow":["GET"]}}],"collection":[{"href":"https:\/\/oocz.wps.cz\/wp-json\/wp\/v2\/posts"}],"about":[{"href":"https:\/\/oocz.wps.cz\/wp-json\/wp\/v2\/types\/post"}],"author":[{"embeddable":true,"href":"https:\/\/oocz.wps.cz\/wp-json\/wp\/v2\/users\/10"}],"replies":[{"embeddable":true,"href":"https:\/\/oocz.wps.cz\/wp-json\/wp\/v2\/comments?post=62583"}],"version-history":[{"count":9,"href":"https:\/\/oocz.wps.cz\/wp-json\/wp\/v2\/posts\/62583\/revisions"}],"predecessor-version":[{"id":62929,"href":"https:\/\/oocz.wps.cz\/wp-json\/wp\/v2\/posts\/62583\/revisions\/62929"}],"wp:featuredmedia":[{"embeddable":true,"href":"https:\/\/oocz.wps.cz\/wp-json\/wp\/v2\/media\/62591"}],"wp:attachment":[{"href":"https:\/\/oocz.wps.cz\/wp-json\/wp\/v2\/media?parent=62583"}],"wp:term":[{"taxonomy":"category","embeddable":true,"href":"https:\/\/oocz.wps.cz\/wp-json\/wp\/v2\/categories?post=62583"},{"taxonomy":"post_tag","embeddable":true,"href":"https:\/\/oocz.wps.cz\/wp-json\/wp\/v2\/tags?post=62583"}],"curies":[{"name":"wp","href":"https:\/\/api.w.org\/{rel}","templated":true}]}}