{"id":70377,"date":"2026-01-20T10:26:57","date_gmt":"2026-01-20T09:26:57","guid":{"rendered":"https:\/\/oocz.wps.cz\/?p=70377"},"modified":"2026-03-06T08:31:22","modified_gmt":"2026-03-06T07:31:22","slug":"kdy-je-svatek-svateho-valentyna","status":"publish","type":"post","link":"https:\/\/oocz.wps.cz\/kdy-je-svatek-svateho-valentyna","title":{"rendered":"Kdy je sv\u00e1tek svat\u00e9ho Valent\u00fdna a co se k n\u011bmu d\u00e1v\u00e1?"},"content":{"rendered":"\n<p>Kdy je sv\u00e1tek svat\u00e9ho Valent\u00fdna? <strong>Sv\u00e1tek v\u0161ech zamilovan\u00fdch se slav\u00ed ka\u017edoro\u010dn\u011b 14. \u00fanora.<\/strong> V roce 2026 p\u0159ipad\u00e1 Valent\u00fdn na sobotu, co\u017e je ide\u00e1ln\u00ed p\u0159\u00edle\u017eitost str\u00e1vit cel\u00fd den se svou drahou polovi\u010dkou. Tento den m\u00e1 hlubok\u00e9 evropsk\u00e9 ko\u0159eny a rozhodn\u011b nejde o americk\u00fd v\u00fdmysl, jak se n\u011bkte\u0159\u00ed myln\u011b domn\u00edvaj\u00ed. <strong>Hled\u00e1te n\u00e1pady, co se d\u00e1v\u00e1 k Valent\u00fdnu?<\/strong><\/p>\n\n\n\n<div id=\"ez-toc-container\" class=\"ez-toc-v2_0_82_2 counter-hierarchy ez-toc-counter ez-toc-grey ez-toc-container-direction\">\n<div class=\"ez-toc-title-container\">\n<p class=\"ez-toc-title\" style=\"cursor:inherit\">Obsah \u010dl\u00e1nku<\/p>\n<span class=\"ez-toc-title-toggle\"><a href=\"#\" class=\"ez-toc-pull-right ez-toc-btn ez-toc-btn-xs ez-toc-btn-default ez-toc-toggle\" aria-label=\"Toggle Table of Content\"><span class=\"ez-toc-js-icon-con\"><span class=\"\"><span class=\"eztoc-hide\" style=\"display:none;\">Toggle<\/span><span class=\"ez-toc-icon-toggle-span\"><svg style=\"fill: #999;color:#999\" xmlns=\"http:\/\/www.w3.org\/2000\/svg\" class=\"list-377408\" width=\"20px\" height=\"20px\" viewBox=\"0 0 24 24\" fill=\"none\"><path d=\"M6 6H4v2h2V6zm14 0H8v2h12V6zM4 11h2v2H4v-2zm16 0H8v2h12v-2zM4 16h2v2H4v-2zm16 0H8v2h12v-2z\" fill=\"currentColor\"><\/path><\/svg><svg style=\"fill: #999;color:#999\" class=\"arrow-unsorted-368013\" xmlns=\"http:\/\/www.w3.org\/2000\/svg\" width=\"10px\" height=\"10px\" viewBox=\"0 0 24 24\" version=\"1.2\" baseProfile=\"tiny\"><path d=\"M18.2 9.3l-6.2-6.3-6.2 6.3c-.2.2-.3.4-.3.7s.1.5.3.7c.2.2.4.3.7.3h11c.3 0 .5-.1.7-.3.2-.2.3-.5.3-.7s-.1-.5-.3-.7zM5.8 14.7l6.2 6.3 6.2-6.3c.2-.2.3-.5.3-.7s-.1-.5-.3-.7c-.2-.2-.4-.3-.7-.3h-11c-.3 0-.5.1-.7.3-.2.2-.3.5-.3.7s.1.5.3.7z\"\/><\/svg><\/span><\/span><\/span><\/a><\/span><\/div>\n<nav><ul class='ez-toc-list ez-toc-list-level-1 ' ><li class='ez-toc-page-1 ez-toc-heading-level-2'><a class=\"ez-toc-link ez-toc-heading-1\" href=\"https:\/\/oocz.wps.cz\/kdy-je-svatek-svateho-valentyna\/#Shrnuti_pokud_nemate_cas_cist_cely_clanek\" >Shrnut\u00ed, pokud nem\u00e1te \u010das \u010d\u00edst cel\u00fd \u010dl\u00e1nek<\/a><\/li><li class='ez-toc-page-1 ez-toc-heading-level-2'><a class=\"ez-toc-link ez-toc-heading-2\" href=\"https:\/\/oocz.wps.cz\/kdy-je-svatek-svateho-valentyna\/#Puvod_svatku_svateho_Valentyna\" >P\u016fvod sv\u00e1tku svat\u00e9ho Valent\u00fdna<\/a><\/li><li class='ez-toc-page-1 ez-toc-heading-level-2'><a class=\"ez-toc-link ez-toc-heading-3\" href=\"https:\/\/oocz.wps.cz\/kdy-je-svatek-svateho-valentyna\/#Co_se_tradicne_dava_k_Valentynu\" >Co se tradi\u010dn\u011b d\u00e1v\u00e1 k Valent\u00fdnu?<\/a><ul class='ez-toc-list-level-3' ><li class='ez-toc-heading-level-3'><a class=\"ez-toc-link ez-toc-heading-4\" href=\"https:\/\/oocz.wps.cz\/kdy-je-svatek-svateho-valentyna\/#Klasicke_valentynske_darky\" >Klasick\u00e9 valent\u00fdnsk\u00e9 d\u00e1rky<\/a><\/li><li class='ez-toc-page-1 ez-toc-heading-level-3'><a class=\"ez-toc-link ez-toc-heading-5\" href=\"https:\/\/oocz.wps.cz\/kdy-je-svatek-svateho-valentyna\/#Valentynske_darky_od_Ochutnej_Orech\" >Valent\u00fdnsk\u00e9 d\u00e1rky od Ochutnej O\u0159ech<\/a><\/li><li class='ez-toc-page-1 ez-toc-heading-level-3'><a class=\"ez-toc-link ez-toc-heading-6\" href=\"https:\/\/oocz.wps.cz\/kdy-je-svatek-svateho-valentyna\/#Darkovy_kornout_Miluji_te\" >D\u00e1rkov\u00fd kornout Miluji t\u011b!<\/a><\/li><li class='ez-toc-page-1 ez-toc-heading-level-3'><a class=\"ez-toc-link ez-toc-heading-7\" href=\"https:\/\/oocz.wps.cz\/kdy-je-svatek-svateho-valentyna\/#Mix_Milacek\" >Mix Mil\u00e1\u010dek<\/a><\/li><li class='ez-toc-page-1 ez-toc-heading-level-3'><a class=\"ez-toc-link ez-toc-heading-8\" href=\"https:\/\/oocz.wps.cz\/kdy-je-svatek-svateho-valentyna\/#Darkovy_kornout_Mix_namichany_z_lasky\" >D\u00e1rkov\u00fd kornout Mix nam\u00edchan\u00fd z l\u00e1sky<\/a><\/li><\/ul><\/li><li class='ez-toc-page-1 ez-toc-heading-level-2'><a class=\"ez-toc-link ez-toc-heading-9\" href=\"https:\/\/oocz.wps.cz\/kdy-je-svatek-svateho-valentyna\/#Proc_davat_orechy_k_Valentynu\" >Pro\u010d d\u00e1vat o\u0159echy k Valent\u00fdnu?<\/a><\/li><li class='ez-toc-page-1 ez-toc-heading-level-2'><a class=\"ez-toc-link ez-toc-heading-10\" href=\"https:\/\/oocz.wps.cz\/kdy-je-svatek-svateho-valentyna\/#Casto_kladene_otazky\" >\u010casto kladen\u00e9 ot\u00e1zky<\/a><ul class='ez-toc-list-level-3' ><li class='ez-toc-heading-level-3'><a class=\"ez-toc-link ez-toc-heading-11\" href=\"https:\/\/oocz.wps.cz\/kdy-je-svatek-svateho-valentyna\/#Kdy_je_svatek_svateho_Valentyna_2026\" >Kdy je sv\u00e1tek svat\u00e9ho Valent\u00fdna 2026?<\/a><\/li><li class='ez-toc-page-1 ez-toc-heading-level-3'><a class=\"ez-toc-link ez-toc-heading-12\" href=\"https:\/\/oocz.wps.cz\/kdy-je-svatek-svateho-valentyna\/#Odkud_pochazi_svatek_svateho_Valentyna\" >Odkud poch\u00e1z\u00ed sv\u00e1tek svat\u00e9ho Valent\u00fdna?<\/a><\/li><li class='ez-toc-page-1 ez-toc-heading-level-3'><a class=\"ez-toc-link ez-toc-heading-13\" href=\"https:\/\/oocz.wps.cz\/kdy-je-svatek-svateho-valentyna\/#Je_Valentyn_americky_svatek\" >Je Valent\u00fdn americk\u00fd sv\u00e1tek?<\/a><\/li><li class='ez-toc-page-1 ez-toc-heading-level-3'><a class=\"ez-toc-link ez-toc-heading-14\" href=\"https:\/\/oocz.wps.cz\/kdy-je-svatek-svateho-valentyna\/#Co_se_tradicne_dava_k_Valentynu-2\" >Co se tradi\u010dn\u011b d\u00e1v\u00e1 k Valent\u00fdnu?<\/a><\/li><li class='ez-toc-page-1 ez-toc-heading-level-3'><a class=\"ez-toc-link ez-toc-heading-15\" href=\"https:\/\/oocz.wps.cz\/kdy-je-svatek-svateho-valentyna\/#Jsou_orechy_vhodnym_valentynskym_darkem\" >Jsou o\u0159echy vhodn\u00fdm valent\u00fdnsk\u00fdm d\u00e1rkem?<\/a><\/li><li class='ez-toc-page-1 ez-toc-heading-level-3'><a class=\"ez-toc-link ez-toc-heading-16\" href=\"https:\/\/oocz.wps.cz\/kdy-je-svatek-svateho-valentyna\/#Co_darovat_muzi_ktery_nema_rad_sladke\" >Co darovat mu\u017ei, kter\u00fd nem\u00e1 r\u00e1d sladk\u00e9?<\/a><\/li><\/ul><\/li><\/ul><\/nav><\/div>\n<h2 class=\"wp-block-heading\"><span class=\"ez-toc-section\" id=\"Shrnuti_pokud_nemate_cas_cist_cely_clanek\"><\/span>Shrnut\u00ed, pokud nem\u00e1te \u010das \u010d\u00edst cel\u00fd \u010dl\u00e1nek<span class=\"ez-toc-section-end\"><\/span><\/h2>\n\n\n\n<ul class=\"wp-block-list\">\n<li><strong>Datum:<\/strong> 14. \u00fanora (v roce 2026 p\u0159ipad\u00e1 na sobotu).<\/li>\n\n\n\n<li><strong>P\u016fvod:<\/strong> \u0158\u00edmsk\u00fd kn\u011bz Valent\u00fdn tajn\u011b odd\u00e1val p\u00e1ry navzdory c\u00edsa\u0159sk\u00e9mu z\u00e1kazu, za co\u017e byl popraven 14. \u00fanora 269.<\/li>\n\n\n\n<li><strong>Klasick\u00e9 d\u00e1rky:<\/strong> R\u016f\u017ee, \u010dokol\u00e1da, valent\u00fdnky, \u0161perky, parf\u00e9my, romantick\u00e9 ve\u010de\u0159e.<\/li>\n\n\n\n<li><strong>Origin\u00e1ln\u00ed tip:<\/strong> <strong><a href=\"https:\/\/www.ochutnejorech.cz\/produkt\/mix-milacek?varianta=1-kg\" target=\"_blank\" data-type=\"link\" data-id=\"https:\/\/www.ochutnejorech.cz\/produkt\/mix-milacek?varianta=1-kg\" rel=\"noreferrer noopener\">Valent\u00fdnsk\u00e9 mixy<\/a><\/strong> a <strong><a href=\"https:\/\/www.ochutnejorech.cz\/produkt\/darkovy-kornout-mix-namichany-z-lasky?varianta=600-g\" target=\"_blank\" data-type=\"link\" data-id=\"https:\/\/www.ochutnejorech.cz\/produkt\/darkovy-kornout-mix-namichany-z-lasky?varianta=600-g\" rel=\"noreferrer noopener\">kornouty<\/a><\/strong> od Ochutnej O\u0159ech \u2013 nam\u00edchan\u00e9 z l\u00e1sky. <\/li>\n\n\n\n<li><strong>Nejobl\u00edben\u011bj\u0161\u00ed produkty:<\/strong> <strong><a href=\"https:\/\/www.ochutnejorech.cz\/produkt\/mix-milacek?varianta=1-kg\" target=\"_blank\" data-type=\"link\" data-id=\"https:\/\/www.ochutnejorech.cz\/produkt\/mix-milacek?varianta=1-kg\" rel=\"noreferrer noopener\">Mix Mil\u00e1\u010dek<\/a><\/strong>, <strong><a href=\"https:\/\/www.ochutnejorech.cz\/produkt\/mix-pro-skvelou-zenskou?varianta=1-kg\" target=\"_blank\" data-type=\"link\" data-id=\"https:\/\/www.ochutnejorech.cz\/produkt\/mix-pro-skvelou-zenskou?varianta=1-kg\" rel=\"noreferrer noopener\">Mix Pro skv\u011blou \u017eenskou<\/a><\/strong>, <strong><a href=\"https:\/\/www.ochutnejorech.cz\/produkt\/mix-pro-skveleho-chlapa?varianta=1-kg\" data-type=\"link\" data-id=\"https:\/\/www.ochutnejorech.cz\/produkt\/mix-pro-skveleho-chlapa?varianta=1-kg\" target=\"_blank\" rel=\"noopener\">Mix Pro skv\u011bl\u00e9ho chlapa<\/a><\/strong> nebo <strong><a href=\"https:\/\/www.ochutnejorech.cz\/produkt\/darkovy-kornout-zalezi-mi-na-tobe-naturalni?varianta=300-g\" target=\"_blank\" data-type=\"link\" data-id=\"https:\/\/www.ochutnejorech.cz\/produkt\/darkovy-kornout-zalezi-mi-na-tobe-naturalni?varianta=300-g\" rel=\"noreferrer noopener\">d\u00e1rkov\u00e9 o\u0159\u00ed\u0161kov\u00e9 kornouty<\/a><\/strong>.<\/li>\n<\/ul>\n\n\n\n<figure class=\"wp-block-image size-full\"><img decoding=\"async\" width=\"1200\" height=\"630\" src=\"https:\/\/oocz.wps.cz\/wp-content\/uploads\/2026\/01\/valentyn-1.jpg\" alt=\"Kdy je sv\u00e1tek svat\u00e9ho Valent\u00fdna a co se k n\u011bmu d\u00e1v\u00e1?\" class=\"wp-image-70379\" srcset=\"https:\/\/oocz.wps.cz\/wp-content\/uploads\/2026\/01\/valentyn-1.jpg 1200w, https:\/\/oocz.wps.cz\/wp-content\/uploads\/2026\/01\/valentyn-1-300x158.jpg 300w, https:\/\/oocz.wps.cz\/wp-content\/uploads\/2026\/01\/valentyn-1-700x368.jpg 700w, https:\/\/oocz.wps.cz\/wp-content\/uploads\/2026\/01\/valentyn-1-768x403.jpg 768w, https:\/\/oocz.wps.cz\/wp-content\/uploads\/2026\/01\/valentyn-1-800x420.jpg 800w\" sizes=\"(max-width: 1200px) 100vw, 1200px\" \/><figcaption class=\"wp-element-caption\">Kdy je sv\u00e1tek svat\u00e9ho Valent\u00fdna a co se k n\u011bmu d\u00e1v\u00e1?<\/figcaption><\/figure>\n\n\n\n<h2 class=\"wp-block-heading\"><span class=\"ez-toc-section\" id=\"Puvod_svatku_svateho_Valentyna\"><\/span>P\u016fvod sv\u00e1tku svat\u00e9ho Valent\u00fdna<span class=\"ez-toc-section-end\"><\/span><\/h2>\n\n\n\n<p>Za vznikem tohoto romantick\u00e9ho sv\u00e1tku stoj\u00ed legenda o \u0159\u00edmsk\u00e9m kn\u011bzi Valent\u00fdnovi, kter\u00fd ve 3. stolet\u00ed tajn\u011b odd\u00e1val zamilovan\u00e9 p\u00e1ry navzdory z\u00e1kazu c\u00edsa\u0159e Claudia II. C\u00edsa\u0159 toti\u017e zak\u00e1zal svatby, proto\u017ee v\u011b\u0159il, \u017ee svobodn\u00ed mu\u017ei jsou lep\u0161\u00edmi v\u00e1le\u010dn\u00edky. Za sv\u00e9 odv\u00e1\u017en\u00e9 \u010diny byl Valent\u00fdn 14. \u00fanora roku 269 popraven. Podle legend tak\u00e9 obdarov\u00e1val mlad\u00e9 p\u00e1ry kv\u011btinami ze sv\u00e9 zahrady \u2013 a pr\u00e1v\u011b odtud poch\u00e1z\u00ed tradice darov\u00e1n\u00ed kv\u011btin na Valent\u00fdna.<\/p>\n\n\n\n<p>I kdy\u017e se zd\u00e1, \u017ee tento sv\u00e1tek k n\u00e1m p\u0159i\u0161el ze z\u00e1mo\u0159\u00ed, opak je pravdou. <strong>V \u010cesku se Valent\u00fdn slavil u\u017e za prvn\u00ed republiky<\/strong>, pot\u00e9 upadl v zapomn\u011bn\u00ed b\u011bhem socialismu a po roce 1989 se op\u011bt vr\u00e1til do pov\u011bdom\u00ed.<\/p>\n\n\n\n<h2 class=\"wp-block-heading\"><span class=\"ez-toc-section\" id=\"Co_se_tradicne_dava_k_Valentynu\"><\/span>Co se tradi\u010dn\u011b d\u00e1v\u00e1 k Valent\u00fdnu?<span class=\"ez-toc-section-end\"><\/span><\/h2>\n\n\n\n<p>Hled\u00e1te inspiraci, <strong>co se tradi\u010dn\u011b d\u00e1v\u00e1 k Valent\u00fdnu?<\/strong><\/p>\n\n\n\n<h3 class=\"wp-block-heading\"><span class=\"ez-toc-section\" id=\"Klasicke_valentynske_darky\"><\/span>Klasick\u00e9 valent\u00fdnsk\u00e9 d\u00e1rky<span class=\"ez-toc-section-end\"><\/span><\/h3>\n\n\n\n<p><strong>Kv\u011btiny<\/strong> \u2013 zejm\u00e9na \u010derven\u00e9 r\u016f\u017ee \u2013 z\u016fst\u00e1vaj\u00ed nejobl\u00edben\u011bj\u0161\u00edm d\u00e1rkem. <strong>Dal\u0161\u00ed obl\u00edben\u00e9 volby jsou:<\/strong><\/p>\n\n\n\n<ul class=\"wp-block-list\">\n<li><strong><a href=\"https:\/\/www.ochutnejorech.cz\/kategorie\/cokolada-sladkosti\" target=\"_blank\" data-type=\"link\" data-id=\"https:\/\/www.ochutnejorech.cz\/kategorie\/cokolada-sladkosti\" rel=\"noreferrer noopener\">sladkosti a \u010dokol\u00e1da<\/a><\/strong> \u2013 bonboni\u00e9ry, pralinky nebo \u010dokol\u00e1dov\u00e9 d\u00e1rky,<\/li>\n\n\n\n<li><strong>valent\u00fdnky<\/strong> \u2013 milostn\u00e9 vzkazy a pohlednice se srd\u00ed\u010dky,<\/li>\n\n\n\n<li><strong><a href=\"https:\/\/antiquesprague.cz\/cs\/3-sperky\" target=\"_blank\" rel=\"noreferrer noopener\">\u0161perky<\/a> a parf\u00e9my<\/strong> \u2013 p\u0159edev\u0161\u00edm pro \u017eeny,<\/li>\n\n\n\n<li><strong>spole\u010dn\u00e9 z\u00e1\u017eitky<\/strong> \u2013 romantick\u00e1 ve\u010de\u0159e, wellness pobyty, mas\u00e1\u017ee pro dva.<\/li>\n<\/ul>\n\n\n\n<figure class=\"wp-block-image size-full\"><img decoding=\"async\" width=\"1200\" height=\"630\" src=\"https:\/\/oocz.wps.cz\/wp-content\/uploads\/2026\/01\/valentyn-2.jpg\" alt=\"Kdy je sv\u00e1tek svat\u00e9ho Valent\u00fdna \" class=\"wp-image-70380\" srcset=\"https:\/\/oocz.wps.cz\/wp-content\/uploads\/2026\/01\/valentyn-2.jpg 1200w, https:\/\/oocz.wps.cz\/wp-content\/uploads\/2026\/01\/valentyn-2-300x158.jpg 300w, https:\/\/oocz.wps.cz\/wp-content\/uploads\/2026\/01\/valentyn-2-700x368.jpg 700w, https:\/\/oocz.wps.cz\/wp-content\/uploads\/2026\/01\/valentyn-2-768x403.jpg 768w, https:\/\/oocz.wps.cz\/wp-content\/uploads\/2026\/01\/valentyn-2-800x420.jpg 800w\" sizes=\"(max-width: 1200px) 100vw, 1200px\" \/><figcaption class=\"wp-element-caption\">Kdy je sv\u00e1tek svat\u00e9ho Valent\u00fdna <\/figcaption><\/figure>\n\n\n\n<h3 class=\"wp-block-heading\"><span class=\"ez-toc-section\" id=\"Valentynske_darky_od_Ochutnej_Orech\"><\/span>Valent\u00fdnsk\u00e9 d\u00e1rky od Ochutnej O\u0159ech<span class=\"ez-toc-section-end\"><\/span><\/h3>\n\n\n\n<p>Chcete letos p\u0159ekvapit n\u011b\u010d\u00edm origin\u00e1ln\u00edm, lahodn\u00fdm a s l\u00e1skou p\u0159ipraven\u00fdm? <strong>Ochutnej O\u0159ech nab\u00edz\u00ed speci\u00e1ln\u00ed valent\u00fdnsk\u00e9 mixy a kornouty<\/strong>, kter\u00e9 jsou doslova nam\u00edchan\u00e9 z l\u00e1sky.<\/p>\n\n\n\n<h4 class=\"wp-block-heading\"><strong>Mix Mil\u00e1\u010dek <\/strong><\/h4>\n\n\n\n<p><strong><a href=\"https:\/\/www.ochutnejorech.cz\/produkt\/mix-milacek?varianta=1-kg\" target=\"_blank\" data-type=\"link\" data-id=\"https:\/\/www.ochutnejorech.cz\/produkt\/mix-milacek?varianta=1-kg\" rel=\"noreferrer noopener\">Tento mix<\/a><\/strong> je perfektn\u00edm d\u00e1rkem pro zamilovan\u00e9. <strong>Obsahuje:<\/strong><\/p>\n\n\n\n<ul class=\"wp-block-list\">\n<li>jahodov\u00e9 mandle v b\u00edl\u00e9 \u010dokol\u00e1d\u011b,<\/li>\n\n\n\n<li>ke\u0161u ve slan\u00e9m karamelu,<\/li>\n\n\n\n<li>mandle v holandsk\u00e9 b\u00edl\u00e9 \u010dokol\u00e1d\u011b,<\/li>\n\n\n\n<li>malinov\u00e9 ke\u0161u v b\u00edl\u00e9 \u010dokol\u00e1d\u011b.<\/li>\n<\/ul>\n\n\n\n<p>Ide\u00e1ln\u00ed ke sd\u00edlen\u00ed p\u0159i romantick\u00fdch chv\u00edl\u00edch \u2013 ka\u017ed\u00e9 k\u0159upnut\u00ed \u0159ekne &#8222;Miluji t\u011b&#8220; l\u00e9pe ne\u017e slova.<\/p>\n\n\n\n<h4 class=\"wp-block-heading\"><strong>Mix Pro skv\u011blou \u017eenskou <\/strong><\/h4>\n\n\n\n<p>Darujte sv\u00e9 \u017een\u011b <strong><a href=\"https:\/\/www.ochutnejorech.cz\/produkt\/mix-pro-skvelou-zenskou?varianta=1-kg\" target=\"_blank\" data-type=\"link\" data-id=\"https:\/\/www.ochutnejorech.cz\/produkt\/mix-pro-skvelou-zenskou?varianta=1-kg\" rel=\"noreferrer noopener\">mix pln\u00fd chut\u00ed<\/a><\/strong>, kter\u00e9 si zamiluje:<\/p>\n\n\n\n<ul class=\"wp-block-list\">\n<li>vi\u0161n\u011b v ho\u0159k\u00e9 \u010dokol\u00e1d\u011b,<\/li>\n\n\n\n<li>natur\u00e1ln\u00ed ke\u0161u,<\/li>\n\n\n\n<li>malinov\u00e9 ke\u0161u v b\u00edl\u00e9 \u010dokol\u00e1d\u011b,<\/li>\n\n\n\n<li>mandle se slan\u00fdm karamelem,<\/li>\n\n\n\n<li>mandle stracciatella.<\/li>\n<\/ul>\n\n\n\n<h4 class=\"wp-block-heading\"><strong>Mix Pro skv\u011bl\u00e9ho chlapa <\/strong><\/h4>\n\n\n\n<p>D\u00e1rkem na Valent\u00fdna m\u016f\u017eete pot\u011b\u0161it i mu\u017ee. Pro mu\u017ee, kte\u0159\u00ed preferuj\u00ed slan\u011bj\u0161\u00ed chut\u011b, m\u00e1me <strong><a href=\"https:\/\/www.ochutnejorech.cz\/produkt\/mix-pro-skveleho-chlapa?varianta=1-kg\" data-type=\"link\" data-id=\"https:\/\/www.ochutnejorech.cz\/produkt\/mix-pro-skveleho-chlapa?varianta=1-kg\" target=\"_blank\" rel=\"noreferrer noopener\">Mix Pro skv\u011bl\u00e9ho chlapa<\/a><\/strong>. Je ide\u00e1ln\u00ed ke sklenici piva nebo jen tak k ve\u010deru s p\u0159\u00e1teli. Najdete v n\u011bm:<\/p>\n\n\n\n<ul class=\"wp-block-list\">\n<li>pra\u017een\u00e9 pist\u00e1cie Jumbo,<\/li>\n\n\n\n<li>uzen\u00e9 mandle,<\/li>\n\n\n\n<li>ke\u0161u ve slan\u00e9m karamelu,<\/li>\n\n\n\n<li>ke\u0161u pra\u017een\u00e9 solen\u00e9,<\/li>\n\n\n\n<li>mandle pra\u017een\u00e9 solen\u00e9.<\/li>\n<\/ul>\n\n\n\n<h4 class=\"wp-block-heading\"><strong>D\u00e1rkov\u00e9 kornouty \u2013 romantika v elegantn\u011bj\u0161\u00edm balen\u00ed<\/strong><\/h4>\n\n\n\n<p>Pokud se v\u00e1m nezal\u00edbil jeden z na\u0161ich mix\u016f, omrkn\u011bte na\u0161e o\u0159\u00ed\u0161kov\u00e9 kornouty:<\/p>\n\n\n\n<ul class=\"wp-block-list\">\n<li><strong><a href=\"https:\/\/www.ochutnejorech.cz\/produkt\/darkovy-kornout-miluji-te?varianta=600-g\" data-type=\"link\" data-id=\"https:\/\/www.ochutnejorech.cz\/produkt\/darkovy-kornout-miluji-te?varianta=600-g\" target=\"_blank\" rel=\"noopener\">Kornout Miluji t\u011b<\/a>!:<\/strong> Kdy\u017e chcete \u0159\u00edct v\u00edc, ne\u017e slova dovol\u00ed. Obsahuje 5 druh\u016f \u010dokol\u00e1dov\u00fdch mandl\u00ed \u2013 ide\u00e1ln\u00ed k Valent\u00fdnu nebo kdykoliv b\u011bhem roku.<\/li>\n\n\n\n<li><strong><a href=\"https:\/\/www.ochutnejorech.cz\/produkt\/darkovy-kornout-zalezi-mi-na-tobe-naturalni?varianta=300-g\" target=\"_blank\" data-type=\"link\" data-id=\"https:\/\/www.ochutnejorech.cz\/produkt\/darkovy-kornout-zalezi-mi-na-tobe-naturalni?varianta=300-g\" rel=\"noreferrer noopener\">Kornout Z\u00e1le\u017e\u00ed mi na tob\u011b natur\u00e1ln\u00ed<\/a><\/strong>: Pro milovn\u00edky zdrav\u00e9ho mls\u00e1n\u00ed. Vegan, bez lepku, bez p\u0159idan\u00e9ho cukru. Obsahuje natur\u00e1ln\u00ed mandle, ke\u0161u, para o\u0159echy, pekany a mandlov\u00e9 hranolky.<\/li>\n\n\n\n<li><strong><a href=\"https:\/\/www.ochutnejorech.cz\/produkt\/darkovy-kornout-mix-namichany-z-lasky?varianta=600-g\" target=\"_blank\" data-type=\"link\" data-id=\"https:\/\/www.ochutnejorech.cz\/produkt\/darkovy-kornout-mix-namichany-z-lasky?varianta=600-g\" rel=\"noreferrer noopener\">Kornout Mix nam\u00edchan\u00fd z l\u00e1sky<\/a>:<\/strong> Pro v\u0161echny slanomilce! Pln\u00fd uzen\u00fdch mandl\u00ed, ke\u0161u z ud\u00edrny, japonsk\u00fdch perel a kuku\u0159ice barbecue. L\u00e1ska se \u0161\u0165\u00e1vou pro ty, kdo nemaj\u00ed r\u00e1di klasick\u00e9 sladkosti.<\/li>\n<\/ul>\n\n\n\n<div class=\"product-grid\">\n\n        <div class=\"product-card\"\n             data-product-id=\"B22-01-0007-02\"\n             data-product-category=\"O\u0159echy | O\u0159echov\u00e9 sm\u011bsi\"\n             data-variant-id=\"_000000J04\"\n             data-product-price-with-vat=\"299\"\n             data-product-price-without-vat=\"254.15\"\n             data-product-url=\"https:\/\/www.ochutnejorech.cz\/produkt\/darkovy-kornout-miluji-te?varianta=600-g\"\n             data-product-deliver-availability=\"0\"\n             data-product-currency=\"CZK\"\n             data-product-variant-name=\"600 g\">\n\n            <div class=\"product-card-inner-wrapper\">\n\n                                <div class=\"product-title-section\">\n                    <a href=\"https:\/\/www.ochutnejorech.cz\/produkt\/darkovy-kornout-miluji-te?varianta=600-g\" target=\"_blank\" rel=\"noopener\">\n                        <div class=\"product-image-wrapper\">\n                            <img decoding=\"async\" class=\"product-image\" src=\"https:\/\/cdn.ochutnejorech.cz\/cdn-cgi\/image\/w=225\/images\/cmk6xyx6r0azsck026spnb1nk\/Miluji_te.webp\" alt=\"D\u00e1rkov\u00fd kornout Miluji t\u011b!\">\n                        <\/div>\n\n                        <h3 class=\"product-title\"><span class=\"ez-toc-section\" id=\"Darkovy_kornout_Miluji_te\"><\/span>D\u00e1rkov\u00fd kornout Miluji t\u011b!<span class=\"ez-toc-section-end\"><\/span><\/h3>\n                    <\/a>\n                <\/div>\n                \n                <div class=\"product-info-wrapper\">\n                    <span class=\"product-shipping\">Skladem<\/span>\n                                                            <span class=\"product-pricesss\">299 K\u010d<\/span>\n                                                    <\/div>\n                    <span class=\"product-description\">Kornout s 5 druhy \u010dokol\u00e1dov\u00fdch mandl\u00ed pro ty, kter\u00e9 milujete. K Valent\u00fdnu, do \u0161koly nebo jen tak \u2013 proto\u017ee nejlep\u0161\u00ed d\u00e1rky chutnaj\u00ed.<\/span>\n                    <div class=\"product-button-wrapper\">\n                                                    <button class=\"product-button\">\n                                <a id=\"product-button-anchor\" href=\"https:\/\/www.ochutnejorech.cz\/produkt\/darkovy-kornout-miluji-te?varianta=600-g\" target=\"_blank\" rel=\"noopener\">Koupit<\/a>\n                            <\/button>\n                                            <\/div>\n\n            <\/div>\n        <\/div>\n        <div class=\"product-card\"\n             data-product-id=\"B07-10-0010-04\"\n             data-product-category=\"O\u0159echy | O\u0159echy v \u010dokol\u00e1d\u011b | O\u0159echov\u00fd mix v \u010dokol\u00e1d\u011b\"\n             data-variant-id=\"HK80000101\"\n             data-product-price-with-vat=\"449\"\n             data-product-price-without-vat=\"381.65\"\n             data-product-url=\"https:\/\/www.ochutnejorech.cz\/produkt\/mix-milacek?varianta=1-kg\"\n             data-product-deliver-availability=\"0\"\n             data-product-currency=\"CZK\"\n             data-product-variant-name=\"1 kg\">\n\n            <div class=\"product-card-inner-wrapper\">\n\n                                <div class=\"product-title-section\">\n                    <a href=\"https:\/\/www.ochutnejorech.cz\/produkt\/mix-milacek?varianta=1-kg\" target=\"_blank\" rel=\"noopener\">\n                        <div class=\"product-image-wrapper\">\n                            <img decoding=\"async\" class=\"product-image\" src=\"https:\/\/cdn.ochutnejorech.cz\/cdn-cgi\/image\/w=225\/images\/cm49za1b6001clqa82quptlx3\/Obal_mockup_Mila_c_ek__1_.webp\" alt=\"Mix Mil\u00e1\u010dek\">\n                        <\/div>\n\n                        <h3 class=\"product-title\"><span class=\"ez-toc-section\" id=\"Mix_Milacek\"><\/span>Mix Mil\u00e1\u010dek<span class=\"ez-toc-section-end\"><\/span><\/h3>\n                    <\/a>\n                <\/div>\n                \n                <div class=\"product-info-wrapper\">\n                    <span class=\"product-shipping\">Skladem<\/span>\n                                                            <span class=\"product-pricesss\">449 K\u010d<\/span>\n                                                    <\/div>\n                    <span class=\"product-description\">Mil\u00e1\u010dek, o\u0159\u00ed\u0161ky nam\u00edchan\u00e9 z l\u00e1sky! Tento mix tvo\u0159\u00ed skv\u011bl\u00fd d\u00e1rek pro zamilovan\u00e9. Ide\u00e1ln\u00ed na Valent\u00fdna \u010di jako sladk\u00e1 pozornost pro n\u011bkoho v\u00fdjime\u010dn\u00e9ho.<\/span>\n                    <div class=\"product-button-wrapper\">\n                                                    <button class=\"product-button\">\n                                <a id=\"product-button-anchor\" href=\"https:\/\/www.ochutnejorech.cz\/produkt\/mix-milacek?varianta=1-kg\" target=\"_blank\" rel=\"noopener\">Koupit<\/a>\n                            <\/button>\n                                            <\/div>\n\n            <\/div>\n        <\/div>\n        <div class=\"product-card\"\n             data-product-id=\"B22-01-0007-01\"\n             data-product-category=\"O\u0159echy | O\u0159echov\u00e9 sm\u011bsi\"\n             data-variant-id=\"_000000J03\"\n             data-product-price-with-vat=\"299\"\n             data-product-price-without-vat=\"254.15\"\n             data-product-url=\"https:\/\/www.ochutnejorech.cz\/produkt\/darkovy-kornout-mix-namichany-z-lasky?varianta=600-g\"\n             data-product-deliver-availability=\"0\"\n             data-product-currency=\"CZK\"\n             data-product-variant-name=\"600 g\">\n\n            <div class=\"product-card-inner-wrapper\">\n\n                                <div class=\"product-title-section\">\n                    <a href=\"https:\/\/www.ochutnejorech.cz\/produkt\/darkovy-kornout-mix-namichany-z-lasky?varianta=600-g\" target=\"_blank\" rel=\"noopener\">\n                        <div class=\"product-image-wrapper\">\n                            <img decoding=\"async\" class=\"product-image\" src=\"https:\/\/cdn.ochutnejorech.cz\/cdn-cgi\/image\/w=225\/images\/cmkb0rfz10ttbck02ed6wo3bp\/Mix_z_lasky.webp\" alt=\"D\u00e1rkov\u00fd kornout Mix nam\u00edchan\u00fd z l\u00e1sky\">\n                        <\/div>\n\n                        <h3 class=\"product-title\"><span class=\"ez-toc-section\" id=\"Darkovy_kornout_Mix_namichany_z_lasky\"><\/span>D\u00e1rkov\u00fd kornout Mix nam\u00edchan\u00fd z l\u00e1sky<span class=\"ez-toc-section-end\"><\/span><\/h3>\n                    <\/a>\n                <\/div>\n                \n                <div class=\"product-info-wrapper\">\n                    <span class=\"product-shipping\">Skladem<\/span>\n                                                            <span class=\"product-pricesss\">299 K\u010d<\/span>\n                                                    <\/div>\n                    <span class=\"product-description\">Kornout s uzen\u00fdmi mandlemi, ke\u0161u a pikantn\u00edmi pochutinami. Pro ty, co maj\u00ed r\u00e1di l\u00e1sku se \u0161\u0165\u00e1vou \u2013 k Valent\u00fdnu i kdykoliv jindy.<\/span>\n                    <div class=\"product-button-wrapper\">\n                                                    <button class=\"product-button\">\n                                <a id=\"product-button-anchor\" href=\"https:\/\/www.ochutnejorech.cz\/produkt\/darkovy-kornout-mix-namichany-z-lasky?varianta=600-g\" target=\"_blank\" rel=\"noopener\">Koupit<\/a>\n                            <\/button>\n                                            <\/div>\n\n            <\/div>\n        <\/div>\n\n<\/div>\n\n\n\n<h2 class=\"wp-block-heading\"><span class=\"ez-toc-section\" id=\"Proc_davat_orechy_k_Valentynu\"><\/span>Pro\u010d d\u00e1vat o\u0159echy k Valent\u00fdnu?<span class=\"ez-toc-section-end\"><\/span><\/h2>\n\n\n\n<p>O\u0159echy a o\u0159echov\u00e9 sm\u011bsi nejsou jen lahodnou pochoutkou, ale tak\u00e9 <strong>symbolem zdrav\u00ed, \u0161t\u011bst\u00ed a dlouhov\u011bkosti<\/strong>. Nav\u00edc jsou pln\u00e9 \u017eivin d\u016fle\u017eit\u00fdch pro zdrav\u00ed \u2013 od zdrav\u00fdch tuk\u016f pro mozek a\u017e po miner\u00e1ly podporuj\u00edc\u00ed imunitu.<\/p>\n\n\n\n<p>Darovat kvalitn\u00ed o\u0159echy znamen\u00e1 uk\u00e1zat, \u017ee v\u00e1m na zdrav\u00ed a pohod\u011b toho druh\u00e9ho z\u00e1le\u017e\u00ed. <strong>A kdy\u017e jsou nav\u00edc zabalen\u00e9 v kr\u00e1sn\u00e9m d\u00e1rkov\u00e9m kornoutu nebo elegantn\u00edm balen\u00ed, stanou se origin\u00e1ln\u00edm a promy\u0161len\u00fdm d\u00e1rkem, kter\u00fd ur\u010dit\u011b pot\u011b\u0161\u00ed.<\/strong><\/p>\n\n\n\n<p><strong>Valent\u00fdn 2026 p\u0159ipad\u00e1 na sobotu 14. \u00fanora<\/strong> \u2013 m\u00e1te tedy perfektn\u00ed p\u0159\u00edle\u017eitost str\u00e1vit cel\u00fd den se sv\u00fdmi bl\u00edzk\u00fdmi. A nezapome\u0148te: l\u00e1ska nen\u00ed jen o velk\u00fdch gestech, ale i o drobn\u00fdch pozornostech. Mix nam\u00edchan\u00fd z l\u00e1sky od Ochutnej O\u0159ech je p\u0159esn\u011b takov\u00e1 pozornost, kter\u00e1 pot\u011b\u0161\u00ed a z\u016fstane v pam\u011bti.<\/p>\n\n\n\n<figure class=\"wp-block-image size-large\"><img decoding=\"async\" width=\"700\" height=\"368\" src=\"https:\/\/oocz.wps.cz\/wp-content\/uploads\/2026\/01\/valentyn-700x368.jpg\" alt=\"Valent\u00fdn\" class=\"wp-image-70382\" srcset=\"https:\/\/oocz.wps.cz\/wp-content\/uploads\/2026\/01\/valentyn-700x368.jpg 700w, https:\/\/oocz.wps.cz\/wp-content\/uploads\/2026\/01\/valentyn-300x158.jpg 300w, https:\/\/oocz.wps.cz\/wp-content\/uploads\/2026\/01\/valentyn-768x403.jpg 768w, https:\/\/oocz.wps.cz\/wp-content\/uploads\/2026\/01\/valentyn-800x420.jpg 800w, https:\/\/oocz.wps.cz\/wp-content\/uploads\/2026\/01\/valentyn.jpg 1200w\" sizes=\"(max-width: 700px) 100vw, 700px\" \/><figcaption class=\"wp-element-caption\">Valent\u00fdn<\/figcaption><\/figure>\n\n\n\n<h2 class=\"wp-block-heading\"><span class=\"ez-toc-section\" id=\"Casto_kladene_otazky\"><\/span>\u010casto kladen\u00e9 ot\u00e1zky<span class=\"ez-toc-section-end\"><\/span><\/h2>\n\n\n<div id=\"rank-math-faq\" class=\"rank-math-block\">\n<div class=\"rank-math-list \">\n<div id=\"faq-question-1768572662021\" class=\"rank-math-list-item\">\n<h3 class=\"rank-math-question \"><span class=\"ez-toc-section\" id=\"Kdy_je_svatek_svateho_Valentyna_2026\"><\/span>Kdy je sv\u00e1tek svat\u00e9ho Valent\u00fdna 2026?<span class=\"ez-toc-section-end\"><\/span><\/h3>\n<div class=\"rank-math-answer \">\n\n<p>Valent\u00fdn je ka\u017edoro\u010dn\u011b 14. \u00fanora. V roce 2026 p\u0159ipad\u00e1 na sobotu.<\/p>\n\n<\/div>\n<\/div>\n<div id=\"faq-question-1768572681777\" class=\"rank-math-list-item\">\n<h3 class=\"rank-math-question \"><span class=\"ez-toc-section\" id=\"Odkud_pochazi_svatek_svateho_Valentyna\"><\/span>Odkud poch\u00e1z\u00ed sv\u00e1tek svat\u00e9ho Valent\u00fdna?<span class=\"ez-toc-section-end\"><\/span><\/h3>\n<div class=\"rank-math-answer \">\n\n<p>Valent\u00fdn m\u00e1 evropsk\u00e9 ko\u0159eny. Jeho p\u016fvod sah\u00e1 do starov\u011bk\u00e9ho \u0158\u00edma, kde kn\u011bz Valent\u00fdn tajn\u011b odd\u00e1val zamilovan\u00e9 p\u00e1ry a za to byl popraven 14. \u00fanora roku 269.<\/p>\n\n<\/div>\n<\/div>\n<div id=\"faq-question-1768572698674\" class=\"rank-math-list-item\">\n<h3 class=\"rank-math-question \"><span class=\"ez-toc-section\" id=\"Je_Valentyn_americky_svatek\"><\/span>Je Valent\u00fdn americk\u00fd sv\u00e1tek?<span class=\"ez-toc-section-end\"><\/span><\/h3>\n<div class=\"rank-math-answer \">\n\n<p>Ne, je to myln\u00e1 p\u0159edstava. Valent\u00fdn vznikl v Evrop\u011b a v \u010cesku se slavil u\u017e za prvn\u00ed republiky. Do Ameriky se dostal a\u017e v 19. stolet\u00ed, kde se stal velmi popul\u00e1rn\u00edm.<\/p>\n\n<\/div>\n<\/div>\n<div id=\"faq-question-1768572716897\" class=\"rank-math-list-item\">\n<h3 class=\"rank-math-question \"><span class=\"ez-toc-section\" id=\"Co_se_tradicne_dava_k_Valentynu-2\"><\/span>Co se tradi\u010dn\u011b d\u00e1v\u00e1 k Valent\u00fdnu?<span class=\"ez-toc-section-end\"><\/span><\/h3>\n<div class=\"rank-math-answer \">\n\n<p>Nejobl\u00edben\u011bj\u0161\u00ed d\u00e1rky jsou kv\u011btiny (zejm\u00e9na \u010derven\u00e9 r\u016f\u017ee), \u010dokol\u00e1da a sladkosti, valent\u00fdnky s l\u00e1skypln\u00fdmi vzkazy, \u0161perky, parf\u00e9my, spole\u010dn\u00e9 z\u00e1\u017eitky jako romantick\u00e9 ve\u010de\u0159e nebo wellness pobyty.<\/p>\n\n<\/div>\n<\/div>\n<div id=\"faq-question-1768572737668\" class=\"rank-math-list-item\">\n<h3 class=\"rank-math-question \"><span class=\"ez-toc-section\" id=\"Jsou_orechy_vhodnym_valentynskym_darkem\"><\/span>Jsou o\u0159echy vhodn\u00fdm valent\u00fdnsk\u00fdm d\u00e1rkem?<span class=\"ez-toc-section-end\"><\/span><\/h3>\n<div class=\"rank-math-answer \">\n\n<p>Rozhodn\u011b ano! Kvalitn\u00ed o\u0159echy a o\u0159echov\u00e9 mixy jsou origin\u00e1ln\u00edm, zdrav\u00fdm a promy\u0161len\u00fdm d\u00e1rkem. Symbolizuj\u00ed p\u00e9\u010di o zdrav\u00ed a pohodu druh\u00e9ho \u010dlov\u011bka. Speci\u00e1ln\u00ed valent\u00fdnsk\u00e9 balen\u00ed od Ochutnej O\u0159ech nav\u00edc vypad\u00e1 elegantn\u011b a chutn\u00e1 skv\u011ble.<\/p>\n\n<\/div>\n<\/div>\n<div id=\"faq-question-1768572754960\" class=\"rank-math-list-item\">\n<h3 class=\"rank-math-question \"><span class=\"ez-toc-section\" id=\"Co_darovat_muzi_ktery_nema_rad_sladke\"><\/span>Co darovat mu\u017ei, kter\u00fd nem\u00e1 r\u00e1d sladk\u00e9?<span class=\"ez-toc-section-end\"><\/span><\/h3>\n<div class=\"rank-math-answer \">\n\n<p>Ide\u00e1ln\u00ed volbou je Mix Pro skv\u011bl\u00e9ho chlapa nebo d\u00e1rkov\u00fd kornout Mix nam\u00edchan\u00fd z l\u00e1sky \u2013 oba obsahuj\u00ed slan\u00e9, uzen\u00e9 a pikantn\u00ed pochutiny, na kter\u00fdch si pochutn\u00e1 ka\u017ed\u00fd chlap.<\/p>\n\n<\/div>\n<\/div>\n<\/div>\n<\/div>","protected":false},"excerpt":{"rendered":"<p>Kdy je sv\u00e1tek svat\u00e9ho Valent\u00fdna 2026? 14. \u00fanora! Objevte origin\u00e1ln\u00ed valent\u00fdnsk\u00e9 d\u00e1rky od Ochutnej O\u0159ech \u2013 mixy a kornouty nam\u00edchan\u00e9 z l\u00e1sky pro mu\u017ee i \u017eeny.<\/p>\n","protected":false},"author":11,"featured_media":70381,"comment_status":"open","ping_status":"open","sticky":false,"template":"","format":"standard","meta":{"_acf_changed":false,"_lmt_disableupdate":"","_lmt_disable":"","wprm-recipe-roundup-name":"","wprm-recipe-roundup-description":"","footnotes":""},"categories":[391],"tags":[],"class_list":["post-70377","post","type-post","status-publish","format-standard","has-post-thumbnail","hentry","category-lifestyle"],"featured_image_src":"https:\/\/oocz.wps.cz\/wp-content\/uploads\/2026\/01\/valentyn-3.jpg","author_info":{"display_name":"Pavl\u00edna","author_link":"https:\/\/oocz.wps.cz\/author\/pavlina"},"acf":[],"modified_by":"Pavl\u00edna","_links":{"self":[{"href":"https:\/\/oocz.wps.cz\/wp-json\/wp\/v2\/posts\/70377","targetHints":{"allow":["GET"]}}],"collection":[{"href":"https:\/\/oocz.wps.cz\/wp-json\/wp\/v2\/posts"}],"about":[{"href":"https:\/\/oocz.wps.cz\/wp-json\/wp\/v2\/types\/post"}],"author":[{"embeddable":true,"href":"https:\/\/oocz.wps.cz\/wp-json\/wp\/v2\/users\/11"}],"replies":[{"embeddable":true,"href":"https:\/\/oocz.wps.cz\/wp-json\/wp\/v2\/comments?post=70377"}],"version-history":[{"count":6,"href":"https:\/\/oocz.wps.cz\/wp-json\/wp\/v2\/posts\/70377\/revisions"}],"predecessor-version":[{"id":70749,"href":"https:\/\/oocz.wps.cz\/wp-json\/wp\/v2\/posts\/70377\/revisions\/70749"}],"wp:featuredmedia":[{"embeddable":true,"href":"https:\/\/oocz.wps.cz\/wp-json\/wp\/v2\/media\/70381"}],"wp:attachment":[{"href":"https:\/\/oocz.wps.cz\/wp-json\/wp\/v2\/media?parent=70377"}],"wp:term":[{"taxonomy":"category","embeddable":true,"href":"https:\/\/oocz.wps.cz\/wp-json\/wp\/v2\/categories?post=70377"},{"taxonomy":"post_tag","embeddable":true,"href":"https:\/\/oocz.wps.cz\/wp-json\/wp\/v2\/tags?post=70377"}],"curies":[{"name":"wp","href":"https:\/\/api.w.org\/{rel}","templated":true}]}}